{"id":85005,"date":"2026-09-04T16:20:11","date_gmt":"2026-09-04T12:20:11","guid":{"rendered":"https:\/\/odlar.media\/?p=85005"},"modified":"2026-09-04T16:20:11","modified_gmt":"2026-09-04T12:20:11","slug":"az%c9%99rbaycanda-hava-d%c9%99yis%c9%99c%c9%99k-leysan-sims%c9%99k-v%c9%99-dolu-gozl%c9%99nilir","status":"publish","type":"post","link":"https:\/\/odlar.media\/?p=85005","title":{"rendered":"Az\u0259rbaycanda hava d\u0259yi\u015f\u0259c\u0259k: leysan, \u015fim\u015f\u0259k v\u0259 dolu g\u00f6zl\u0259nilir"},"content":{"rendered":"<p><strong>Odlar.media<\/strong> x\u0259b\u0259r verir ki, sentyabr\u0131n 5-i g\u00fcn\u00fcn ikinci yar\u0131s\u0131ndan etibar\u0259n da\u011fl\u0131q \u0259razil\u0259rd\u0259, sentyabr\u0131n 6-s\u0131 g\u00fcnd\u00fcz saatlar\u0131ndan ba\u015flayaraq is\u0259 \u00f6lk\u0259nin \u015fimal v\u0259 q\u0259rb rayonlar\u0131nda hava \u015f\u0259raitinin d\u0259yi\u015f\u0259c\u0259yi g\u00f6zl\u0259nilir.<br \/>\nMilli Hidrometeorologiya Xidm\u0259tinin m\u0259lumat\u0131na g\u00f6r\u0259, ya\u011f\u0131nt\u0131l\u0131 hava \u015f\u0259raiti sentyabr\u0131n 8-i s\u0259h\u0259r\u0259d\u0259k b\u0259zi yerl\u0259rd\u0259 fasil\u0259l\u0259rl\u0259 davam ed\u0259c\u0259k.<br \/>\nAyr\u0131-ayr\u0131 \u0259razil\u0259rd\u0259 ya\u011f\u0131nt\u0131lar\u0131n q\u0131sam\u00fcdd\u0259tli leysan xarakterli v\u0259 intensiv olaca\u011f\u0131, \u015fim\u015f\u0259k \u00e7axaca\u011f\u0131, dolu d\u00fc\u015f\u0259c\u0259yi ehtimal olunur.<br \/>\nYa\u011f\u0131nt\u0131l\u0131 hava \u015f\u0259raiti il\u0259 \u0259laq\u0259dar \u00e7aylarda sululu\u011fun artaca\u011f\u0131, b\u0259zi da\u011f \u00e7aylar\u0131ndan is\u0259 q\u0131sam\u00fcdd\u0259tli sel ke\u00e7\u0259c\u0259yi istisna edilmir.<\/p>\n<p><strong>Odlar.media<\/strong><\/p>\n","protected":false},"excerpt":{"rendered":"<p>Odlar.media x\u0259b\u0259r verir ki, sentyabr\u0131n 5-i g\u00fcn\u00fcn ikinci yar\u0131s\u0131ndan etibar\u0259n da\u011fl\u0131q \u0259razil\u0259rd\u0259, sentyabr\u0131n 6-s\u0131 g\u00fcnd\u00fcz saatlar\u0131ndan ba\u015flayaraq is\u0259 \u00f6lk\u0259nin \u015fimal v\u0259 q\u0259rb rayonlar\u0131nda hava \u015f\u0259raitinin d\u0259yi\u015f\u0259c\u0259yi g\u00f6zl\u0259nilir. Milli Hidrometeorologiya Xidm\u0259tinin&hellip; <\/p>\n","protected":false},"author":537,"featured_media":85006,"comment_status":"closed","ping_status":"closed","sticky":false,"template":"","format":"standard","meta":{"footnotes":""},"categories":[75],"tags":[],"class_list":["post-85005","post","type-post","status-publish","format-standard","has-post-thumbnail","hentry","category-xbrlr"],"_links":{"self":[{"href":"https:\/\/odlar.media\/index.php?rest_route=\/wp\/v2\/posts\/85005","targetHints":{"allow":["GET"]}}],"collection":[{"href":"https:\/\/odlar.media\/index.php?rest_route=\/wp\/v2\/posts"}],"about":[{"href":"https:\/\/odlar.media\/index.php?rest_route=\/wp\/v2\/types\/post"}],"author":[{"embeddable":true,"href":"https:\/\/odlar.media\/index.php?rest_route=\/wp\/v2\/users\/537"}],"replies":[{"embeddable":true,"href":"https:\/\/odlar.media\/index.php?rest_route=%2Fwp%2Fv2%2Fcomments&post=85005"}],"version-history":[{"count":2,"href":"https:\/\/odlar.media\/index.php?rest_route=\/wp\/v2\/posts\/85005\/revisions"}],"predecessor-version":[{"id":85008,"href":"https:\/\/odlar.media\/index.php?rest_route=\/wp\/v2\/posts\/85005\/revisions\/85008"}],"wp:featuredmedia":[{"embeddable":true,"href":"https:\/\/odlar.media\/index.php?rest_route=\/wp\/v2\/media\/85006"}],"wp:attachment":[{"href":"https:\/\/odlar.media\/index.php?rest_route=%2Fwp%2Fv2%2Fmedia&parent=85005"}],"wp:term":[{"taxonomy":"category","embeddable":true,"href":"https:\/\/odlar.media\/index.php?rest_route=%2Fwp%2Fv2%2Fcategories&post=85005"},{"taxonomy":"post_tag","embeddable":true,"href":"https:\/\/odlar.media\/index.php?rest_route=%2Fwp%2Fv2%2Ftags&post=85005"}],"curies":[{"name":"wp","href":"https:\/\/api.w.org\/{rel}","templated":true}]}}