{"id":84989,"date":"2026-09-04T16:01:26","date_gmt":"2026-09-04T12:01:26","guid":{"rendered":"https:\/\/odlar.media\/?p=84989"},"modified":"2026-09-04T16:01:26","modified_gmt":"2026-09-04T12:01:26","slug":"abs-ordusunda-covid-19-peyv%c9%99ndl%c9%99ri-il%c9%99-h%c9%99rbcil%c9%99rin-oluml%c9%99ri-arasinda-mumkun-%c9%99laq%c9%99-arasdirilir","status":"publish","type":"post","link":"https:\/\/odlar.media\/?p=84989","title":{"rendered":"AB\u015e ordusunda COVID-19 peyv\u0259ndl\u0259ri il\u0259 h\u0259rb\u00e7il\u0259rin \u00f6l\u00fcml\u0259ri aras\u0131nda m\u00fcmk\u00fcn \u0259laq\u0259 ara\u015fd\u0131r\u0131l\u0131r"},"content":{"rendered":"<p><strong>Odlar.media<\/strong> x\u0259b\u0259r verir ki, AB\u015e-da h\u0259rbi qulluq\u00e7ular\u0131n COVID-19-a qar\u015f\u0131 m\u0259cburi peyv\u0259ndl\u0259nm\u0259sind\u0259n sonra ba\u015f verdiyi iddia olunan \u00f6l\u00fcm hallar\u0131 il\u0259 vaksinl\u0259r aras\u0131nda m\u00fcmk\u00fcn \u0259laq\u0259nin ara\u015fd\u0131r\u0131lmas\u0131na ba\u015flan\u0131l\u0131b.<br \/>\nM\u0259lumata g\u00f6r\u0259, AB\u015e-\u0131n s\u0259hiyy\u0259 naziri Robert F. Kennedi Jr. v\u0259 m\u00fcdafi\u0259 naziri Pit Heqseth bu ara\u015fd\u0131rma \u00e7\u0259r\u00e7iv\u0259sind\u0259 ordu h\u0259kimi Tereza Lonqla \u0259m\u0259kda\u015fl\u0131q edirl\u0259r. Ara\u015fd\u0131rman\u0131n m\u0259qs\u0259di h\u0259rbi qulluq\u00e7ular aras\u0131nda qeyd\u0259 al\u0131nan b\u0259zi \u00f6l\u00fcm hallar\u0131n\u0131n COVID-19 vaksinl\u0259ri il\u0259 \u0259laq\u0259sinin olub-olmad\u0131\u011f\u0131n\u0131 m\u00fc\u0259yy\u0259nl\u0259\u015fdirm\u0259kdir.<br \/>\nTereza Lonqun bildirdiyin\u0259 g\u00f6r\u0259, o, peyv\u0259ndd\u0259n sonra h\u0259rb\u00e7il\u0259rin \u00f6l\u00fcm\u00fc il\u0259 ba\u011fl\u0131 2,5 mind\u0259n \u00e7ox t\u0259sdiql\u0259nm\u0259mi\u015f m\u0259lumat\u0131 ara\u015fd\u0131r\u0131r. H\u0259kim h\u0259m\u00e7inin vaksinl\u0259 \u0259laq\u0259li ola bil\u0259c\u0259yi ehtimal edil\u0259n 28 \u00f6l\u00fcm hal\u0131ndan \u015f\u0259xs\u0259n x\u0259b\u0259rdar oldu\u011funu bildirib.<br \/>\nQeyd ed\u0259k ki, AB\u015e-\u0131n ke\u00e7mi\u015f prezidenti Co Bayden administrasiyas\u0131 2021-ci ild\u0259 h\u0259rbi qulluq\u00e7ular \u00fc\u00e7\u00fcn COVID-19 vaksinasiyas\u0131n\u0131 m\u0259cburi etmi\u015fdi. T\u0259l\u0259b 2022-ci ild\u0259 Konqres t\u0259r\u0259find\u0259n l\u0259\u011fv edil\u0259n\u0259d\u0259k, t\u0259xmin\u0259n 9 min h\u0259rb\u00e7i peyv\u0259nd t\u0259l\u0259bin\u0259 g\u00f6r\u0259 AB\u015e Silahl\u0131 Q\u00fcvv\u0259l\u0259rind\u0259n xaric edilmi\u015fdi.<br \/>\nHaz\u0131rda ara\u015fd\u0131r\u0131lan \u00f6l\u00fcm hallar\u0131n\u0131n vaksinasiya il\u0259 birba\u015fa s\u0259b\u0259b-n\u0259tic\u0259 \u0259laq\u0259sinin olub-olmad\u0131\u011f\u0131 m\u00fc\u0259yy\u0259n edilm\u0259yib. Ara\u015fd\u0131rman\u0131n n\u0259tic\u0259l\u0259rinin bu iddialara ayd\u0131nl\u0131q g\u0259tirm\u0259si g\u00f6zl\u0259nilir.<\/p>\n<p><strong>Odlar.media<\/strong><\/p>\n","protected":false},"excerpt":{"rendered":"<p>Odlar.media x\u0259b\u0259r verir ki, AB\u015e-da h\u0259rbi qulluq\u00e7ular\u0131n COVID-19-a qar\u015f\u0131 m\u0259cburi peyv\u0259ndl\u0259nm\u0259sind\u0259n sonra ba\u015f verdiyi iddia olunan \u00f6l\u00fcm hallar\u0131 il\u0259 vaksinl\u0259r aras\u0131nda m\u00fcmk\u00fcn \u0259laq\u0259nin ara\u015fd\u0131r\u0131lmas\u0131na ba\u015flan\u0131l\u0131b. M\u0259lumata g\u00f6r\u0259, AB\u015e-\u0131n s\u0259hiyy\u0259 naziri&hellip; <\/p>\n","protected":false},"author":537,"featured_media":84990,"comment_status":"closed","ping_status":"closed","sticky":false,"template":"","format":"standard","meta":{"footnotes":""},"categories":[55],"tags":[],"class_list":["post-84989","post","type-post","status-publish","format-standard","has-post-thumbnail","hentry","category-dunya"],"_links":{"self":[{"href":"https:\/\/odlar.media\/index.php?rest_route=\/wp\/v2\/posts\/84989","targetHints":{"allow":["GET"]}}],"collection":[{"href":"https:\/\/odlar.media\/index.php?rest_route=\/wp\/v2\/posts"}],"about":[{"href":"https:\/\/odlar.media\/index.php?rest_route=\/wp\/v2\/types\/post"}],"author":[{"embeddable":true,"href":"https:\/\/odlar.media\/index.php?rest_route=\/wp\/v2\/users\/537"}],"replies":[{"embeddable":true,"href":"https:\/\/odlar.media\/index.php?rest_route=%2Fwp%2Fv2%2Fcomments&post=84989"}],"version-history":[{"count":2,"href":"https:\/\/odlar.media\/index.php?rest_route=\/wp\/v2\/posts\/84989\/revisions"}],"predecessor-version":[{"id":84992,"href":"https:\/\/odlar.media\/index.php?rest_route=\/wp\/v2\/posts\/84989\/revisions\/84992"}],"wp:featuredmedia":[{"embeddable":true,"href":"https:\/\/odlar.media\/index.php?rest_route=\/wp\/v2\/media\/84990"}],"wp:attachment":[{"href":"https:\/\/odlar.media\/index.php?rest_route=%2Fwp%2Fv2%2Fmedia&parent=84989"}],"wp:term":[{"taxonomy":"category","embeddable":true,"href":"https:\/\/odlar.media\/index.php?rest_route=%2Fwp%2Fv2%2Fcategories&post=84989"},{"taxonomy":"post_tag","embeddable":true,"href":"https:\/\/odlar.media\/index.php?rest_route=%2Fwp%2Fv2%2Ftags&post=84989"}],"curies":[{"name":"wp","href":"https:\/\/api.w.org\/{rel}","templated":true}]}}