{"id":84981,"date":"2026-09-04T14:27:20","date_gmt":"2026-09-04T10:27:20","guid":{"rendered":"https:\/\/odlar.media\/?p=84981"},"modified":"2026-09-04T14:27:20","modified_gmt":"2026-09-04T10:27:20","slug":"trampdan-ispaniyaya-s%c9%99rt-x%c9%99b%c9%99rdarliq-olk%c9%99-m%c9%99hv-edil%c9%99c%c9%99k","status":"publish","type":"post","link":"https:\/\/odlar.media\/?p=84981","title":{"rendered":"Trampdan \u0130spaniyaya s\u0259rt x\u0259b\u0259rdarl\u0131q: \u201c\u00d6lk\u0259 m\u0259hv edil\u0259c\u0259k\u201d"},"content":{"rendered":"<p><strong>Odlar.media<\/strong> x\u0259b\u0259r verir ki, AB\u015e Prezidenti Donald Tramp \u0130spaniyan\u0131n y\u00fcr\u00fctd\u00fcy\u00fc siyas\u0259ti t\u0259nqid ed\u0259r\u0259k \u00f6lk\u0259nin miqrasiya siyas\u0259ti s\u0259b\u0259bind\u0259n ciddi t\u0259hl\u00fck\u0259 il\u0259 \u00fczl\u0259\u015fdiyini bildirib.<br \/>\nTramp\u0131n s\u00f6zl\u0259rin\u0259 g\u00f6r\u0259, miqrant ax\u0131n\u0131 davam ed\u0259rs\u0259, \u0130spaniya \u201cxarabal\u0131\u011fa \u00e7evril\u0259\u201d bil\u0259r.<br \/>\n\u201cMiqrant ax\u0131n\u0131 s\u0259b\u0259bind\u0259n \u00f6lk\u0259 xarabal\u0131\u011fa \u00e7evril\u0259c\u0259k. \u0130spaniya m\u0259hv edil\u0259c\u0259k. \u0130spaniya il\u0259 problemim var, \u00e7\u00fcnki onlar NATO il\u0259 yax\u015f\u0131 i\u015f g\u00f6rm\u00fcrl\u0259r v\u0259 borclar\u0131n\u0131 \u00f6d\u0259mirl\u0259r\u201d, \u2013 dey\u0259 AB\u015e Prezidenti bildirib.<br \/>\nTramp h\u0259m\u00e7inin \u0130spaniya s\u0259rh\u0259dind\u0259 miqrant ax\u0131n\u0131n\u0131n artmas\u0131na diqq\u0259t \u00e7\u0259kib.<br \/>\n\u201cMinl\u0259rl\u0259 insan \u0130spaniya s\u0259rh\u0259dini ke\u00e7m\u0259y\u0259 \u00e7al\u0131\u015f\u0131r. \u018fvv\u0259ll\u0259r he\u00e7 vaxt bel\u0259 bir \u015fey g\u00f6rm\u0259mi\u015fik\u201d, \u2013 Tramp qeyd edib.<br \/>\nAB\u015e Prezidenti daha \u0259vv\u0259l d\u0259 \u0130spaniyan\u0131 NATO \u00e7\u0259r\u00e7iv\u0259sind\u0259 m\u00fcdafi\u0259 x\u0259rcl\u0259rin\u0259 kifay\u0259t q\u0259d\u0259r v\u0259sait ay\u0131rmamaqda t\u0259nqid edib. \u0130yul ay\u0131nda is\u0259 Tramp \u0130spaniya il\u0259 ticar\u0259tin dayand\u0131r\u0131lmas\u0131 bar\u0259d\u0259 g\u00f6st\u0259ri\u015f verdiyini a\u00e7\u0131qlam\u0131\u015fd\u0131.<\/p>\n<p><strong>Odlar.media<\/strong><\/p>\n","protected":false},"excerpt":{"rendered":"<p>Odlar.media x\u0259b\u0259r verir ki, AB\u015e Prezidenti Donald Tramp \u0130spaniyan\u0131n y\u00fcr\u00fctd\u00fcy\u00fc siyas\u0259ti t\u0259nqid ed\u0259r\u0259k \u00f6lk\u0259nin miqrasiya siyas\u0259ti s\u0259b\u0259bind\u0259n ciddi t\u0259hl\u00fck\u0259 il\u0259 \u00fczl\u0259\u015fdiyini bildirib. Tramp\u0131n s\u00f6zl\u0259rin\u0259 g\u00f6r\u0259, miqrant ax\u0131n\u0131 davam ed\u0259rs\u0259, \u0130spaniya&hellip; <\/p>\n","protected":false},"author":537,"featured_media":84982,"comment_status":"closed","ping_status":"closed","sticky":false,"template":"","format":"standard","meta":{"footnotes":""},"categories":[55],"tags":[],"class_list":["post-84981","post","type-post","status-publish","format-standard","has-post-thumbnail","hentry","category-dunya"],"_links":{"self":[{"href":"https:\/\/odlar.media\/index.php?rest_route=\/wp\/v2\/posts\/84981","targetHints":{"allow":["GET"]}}],"collection":[{"href":"https:\/\/odlar.media\/index.php?rest_route=\/wp\/v2\/posts"}],"about":[{"href":"https:\/\/odlar.media\/index.php?rest_route=\/wp\/v2\/types\/post"}],"author":[{"embeddable":true,"href":"https:\/\/odlar.media\/index.php?rest_route=\/wp\/v2\/users\/537"}],"replies":[{"embeddable":true,"href":"https:\/\/odlar.media\/index.php?rest_route=%2Fwp%2Fv2%2Fcomments&post=84981"}],"version-history":[{"count":2,"href":"https:\/\/odlar.media\/index.php?rest_route=\/wp\/v2\/posts\/84981\/revisions"}],"predecessor-version":[{"id":84984,"href":"https:\/\/odlar.media\/index.php?rest_route=\/wp\/v2\/posts\/84981\/revisions\/84984"}],"wp:featuredmedia":[{"embeddable":true,"href":"https:\/\/odlar.media\/index.php?rest_route=\/wp\/v2\/media\/84982"}],"wp:attachment":[{"href":"https:\/\/odlar.media\/index.php?rest_route=%2Fwp%2Fv2%2Fmedia&parent=84981"}],"wp:term":[{"taxonomy":"category","embeddable":true,"href":"https:\/\/odlar.media\/index.php?rest_route=%2Fwp%2Fv2%2Fcategories&post=84981"},{"taxonomy":"post_tag","embeddable":true,"href":"https:\/\/odlar.media\/index.php?rest_route=%2Fwp%2Fv2%2Ftags&post=84981"}],"curies":[{"name":"wp","href":"https:\/\/api.w.org\/{rel}","templated":true}]}}