{"id":84972,"date":"2026-09-04T14:02:05","date_gmt":"2026-09-04T10:02:05","guid":{"rendered":"https:\/\/odlar.media\/?p=84972"},"modified":"2026-09-04T14:02:05","modified_gmt":"2026-09-04T10:02:05","slug":"bmt-d%c9%99n-x%c9%99b%c9%99rdarliq-el-nino-cox-guclu-m%c9%99rh%c9%99l%c9%99y%c9%99-kecir-quraqliq-v%c9%99-dasqin-riski-artir","status":"publish","type":"post","link":"https:\/\/odlar.media\/?p=84972","title":{"rendered":"BMT-d\u0259n x\u0259b\u0259rdarl\u0131q: \u201cEl Nino\u201d \u00e7ox g\u00fccl\u00fc m\u0259rh\u0259l\u0259y\u0259 ke\u00e7ir \u2013 Quraql\u0131q v\u0259 da\u015fq\u0131n riski art\u0131r"},"content":{"rendered":"<p><strong>Odlar.media<\/strong> x\u0259b\u0259r verir ki, Birl\u0259\u015fmi\u015f Mill\u0259tl\u0259r T\u0259\u015fkilat\u0131n\u0131n (BMT) iqlim agentliyi \u201cEl Nino\u201d hadis\u0259sinin qar\u015f\u0131dak\u0131 aylarda daha da g\u00fccl\u0259n\u0259r\u0259k \u201c\u00e7ox g\u00fccl\u00fc\u201d kateqoriyas\u0131na \u00e7ataca\u011f\u0131n\u0131 a\u00e7\u0131qlay\u0131b.<br \/>\n\u00dcmumd\u00fcnya Meteorologiya T\u0259\u015fkilat\u0131n\u0131n (\u00dcMT) m\u0259lumat\u0131na g\u00f6r\u0259, haz\u0131rda formala\u015fm\u0131\u015f \u201cEl Nino\u201dnun ilin sonuna do\u011fru pik h\u0259dd\u0259 \u00e7ataca\u011f\u0131 v\u0259 fevrala q\u0259d\u0259r davam ed\u0259c\u0259yi g\u00f6zl\u0259nilir.<br \/>\nM\u00fct\u0259x\u0259ssisl\u0259r bildirirl\u0259r ki, okeanlardan atmosfer\u0259 istiliyin daha yava\u015f \u00f6t\u00fcr\u00fclm\u0259si qlobal temperaturun g\u0259l\u0259n il d\u0259 y\u00fcks\u0259k s\u0259viyy\u0259d\u0259 qalmas\u0131na t\u0259sir g\u00f6st\u0259r\u0259 bil\u0259r.<br \/>\nG\u00fccl\u0259n\u0259n \u201cEl Nino\u201dnun ya\u011f\u0131\u015f v\u0259 temperatur rejiml\u0259rin\u0259 ciddi t\u0259sir g\u00f6st\u0259r\u0259c\u0259yi, bunun is\u0259 da\u015fq\u0131n, quraql\u0131q v\u0259 ekstremal istilik dal\u011falar\u0131 riskini art\u0131raca\u011f\u0131 qeyd olunur.<br \/>\nBMT-nin ba\u015f katibi Antonio Quterre\u015f \u201cEl Nino\u201dnun b\u00f6y\u00fck miqyaslara \u00e7atd\u0131\u011f\u0131n\u0131 vur\u011fulay\u0131b. O bildirib ki, d\u0259niz s\u0259thinin temperaturu y\u00fcks\u0259lm\u0259kd\u0259 davam edir v\u0259 d\u00fcnya ekstremal hava hadis\u0259l\u0259ri bax\u0131m\u0131ndan t\u0259hl\u00fck\u0259li zonadad\u0131r.<br \/>\n\u00dcMT-nin ba\u015f katibi Seleste Saulo is\u0259 \u201cEl Nino\u201dnun d\u00fcnya \u00fczr\u0259 icmalara v\u0259 iqtisadiyyatlara ciddi z\u0259r\u0259r vurmaq potensial\u0131n\u0131n oldu\u011funu deyib. Onun s\u00f6zl\u0259rin\u0259 g\u00f6r\u0259, quraql\u0131q v\u0259 da\u015fq\u0131nlar\u0131n yaratd\u0131\u011f\u0131 f\u0259sadlar art\u0131q m\u00fc\u015fahid\u0259 olunur v\u0259 hadis\u0259nin g\u00fccl\u0259nm\u0259si il\u0259 t\u0259sirl\u0259rin daha da artaca\u011f\u0131 g\u00f6zl\u0259nilir.<br \/>\nSaulo f\u0259lak\u0259tl\u0259rin idar\u0259 olunmas\u0131 qurumlar\u0131n\u0131, el\u0259c\u0259 d\u0259 k\u0259nd t\u0259s\u0259rr\u00fcfat\u0131, s\u0259hiyy\u0259, enerji v\u0259 su sektorlar\u0131n\u0131 m\u00fcmk\u00fcn riskl\u0259r\u0259 qar\u015f\u0131 haz\u0131rl\u0131ql\u0131 olma\u011fa \u00e7a\u011f\u0131r\u0131b.<br \/>\n\u201cEl Nino\u201d t\u0259bii iqlim hadis\u0259sidir v\u0259 birba\u015fa iqlim d\u0259yi\u015fikliyinin n\u0259tic\u0259si hesab edilmir. Lakin aliml\u0259rin fikrinc\u0259, istil\u0259\u015f\u0259n planet fonunda bu hadis\u0259 ekstremal hava \u015f\u0259raitinin t\u0259sirl\u0259rini daha da g\u00fccl\u0259ndir\u0259 bil\u0259r.<br \/>\n\u201cEl Nino\u201d ekvatorial Sakit okean\u0131n m\u0259rk\u0259zi v\u0259 \u015f\u0259rq hiss\u0259sind\u0259 d\u0259niz s\u0259thinin temperaturunun y\u00fcks\u0259lm\u0259si il\u0259 xarakteriz\u0259 olunur. Bu proses k\u00fcl\u0259k, atmosfer t\u0259zyiqi v\u0259 ya\u011f\u0131nt\u0131 rejiml\u0259rind\u0259 qlobal d\u0259yi\u015fiklikl\u0259r\u0259 s\u0259b\u0259b ola bil\u0259r.<br \/>\nHadis\u0259 ad\u0259t\u0259n 2-7 ild\u0259n bir ba\u015f verir v\u0259 t\u0259xmin\u0259n 9-12 ay davam edir. \u201cEl Nino\u201dnun \u0259ksi \u201cLa Nina\u201d hesab olunur.<br \/>\n\u00dcMT haz\u0131rk\u0131 \u201cEl Nino\u201dnun fevrala q\u0259d\u0259r davam etm\u0259si ehtimal\u0131n\u0131 \u201cson d\u0259r\u0259c\u0259 y\u00fcks\u0259k, dem\u0259k olar ki, 100 faiz\u201d qiym\u0259tl\u0259ndirib. T\u0259\u015fkilat hadis\u0259nin intensivliyinin \u0259n y\u00fcks\u0259k \u2013 \u201c\u00e7ox g\u00fccl\u00fc\u201d s\u0259viyy\u0259y\u0259 \u00e7ataca\u011f\u0131n\u0131 g\u00f6zl\u0259yir.<br \/>\n\u201cEl Nino\u201dnun t\u0259sirl\u0259ri tropik Sakit okeandan minl\u0259rl\u0259 kilometr uzaqda yerl\u0259\u015f\u0259n \u0259razil\u0259rd\u0259 d\u0259 hiss oluna bil\u0259r. Bel\u0259 ki, Amazon h\u00f6vz\u0259si, \u0130ndoneziya v\u0259 Avstraliyan\u0131n b\u0259zi hiss\u0259l\u0259rind\u0259 quraql\u0131q, Hindistanda is\u0259 musson ya\u011f\u0131\u015flar\u0131nda fasil\u0259l\u0259r m\u00fc\u015fahid\u0259 oluna bil\u0259r.<br \/>\n\u00dcMT-nin sentyabr-noyabr aylar\u0131 \u00fc\u00e7\u00fcn proqnozunda is\u0259 dem\u0259k olar ki, b\u00fct\u00fcn quru \u0259razil\u0259rind\u0259 normadan y\u00fcks\u0259k temperatur ehtimal\u0131n\u0131n artd\u0131\u011f\u0131 bildirilir.<br \/>\nM\u0259lumata g\u00f6r\u0259, m\u0259rk\u0259zi v\u0259 \u015f\u0259rq ekvatorial Sakit okeanda d\u0259niz s\u0259thinin temperaturundak\u0131 d\u0259yi\u015fiklikl\u0259ri \u00f6l\u00e7\u0259n g\u00f6st\u0259rici d\u0259 y\u00fcks\u0259lib. May-iyul aylar\u0131nda temperatur normadan orta hesabla 1,5 d\u0259r\u0259c\u0259 y\u00fcks\u0259k olub. \u0130yulun sonu v\u0259 avqustun ortalar\u0131 aras\u0131nda is\u0259 h\u0259ft\u0259lik g\u00f6st\u0259ricil\u0259r normadan t\u0259xmin\u0259n 2,2-2,6 d\u0259r\u0259c\u0259 y\u00fcks\u0259k qeyd\u0259 al\u0131n\u0131b.<br \/>\nB\u0259zi \u0259razil\u0259rd\u0259 okean s\u0259thinin alt\u0131ndak\u0131 temperaturun iyul v\u0259 avqustun \u0259vv\u0259lind\u0259 normadan orta hesabla 8 d\u0259r\u0259c\u0259d\u0259n \u00e7ox y\u00fcks\u0259ldiyi d\u0259 bildirilib.<\/p>\n<p><strong>Odlar.media<\/strong><\/p>\n","protected":false},"excerpt":{"rendered":"<p>Odlar.media x\u0259b\u0259r verir ki, Birl\u0259\u015fmi\u015f Mill\u0259tl\u0259r T\u0259\u015fkilat\u0131n\u0131n (BMT) iqlim agentliyi \u201cEl Nino\u201d hadis\u0259sinin qar\u015f\u0131dak\u0131 aylarda daha da g\u00fccl\u0259n\u0259r\u0259k \u201c\u00e7ox g\u00fccl\u00fc\u201d kateqoriyas\u0131na \u00e7ataca\u011f\u0131n\u0131 a\u00e7\u0131qlay\u0131b. \u00dcmumd\u00fcnya Meteorologiya T\u0259\u015fkilat\u0131n\u0131n (\u00dcMT) m\u0259lumat\u0131na g\u00f6r\u0259, haz\u0131rda&hellip; <\/p>\n","protected":false},"author":537,"featured_media":84973,"comment_status":"closed","ping_status":"closed","sticky":false,"template":"","format":"standard","meta":{"footnotes":""},"categories":[55],"tags":[],"class_list":["post-84972","post","type-post","status-publish","format-standard","has-post-thumbnail","hentry","category-dunya"],"_links":{"self":[{"href":"https:\/\/odlar.media\/index.php?rest_route=\/wp\/v2\/posts\/84972","targetHints":{"allow":["GET"]}}],"collection":[{"href":"https:\/\/odlar.media\/index.php?rest_route=\/wp\/v2\/posts"}],"about":[{"href":"https:\/\/odlar.media\/index.php?rest_route=\/wp\/v2\/types\/post"}],"author":[{"embeddable":true,"href":"https:\/\/odlar.media\/index.php?rest_route=\/wp\/v2\/users\/537"}],"replies":[{"embeddable":true,"href":"https:\/\/odlar.media\/index.php?rest_route=%2Fwp%2Fv2%2Fcomments&post=84972"}],"version-history":[{"count":2,"href":"https:\/\/odlar.media\/index.php?rest_route=\/wp\/v2\/posts\/84972\/revisions"}],"predecessor-version":[{"id":84975,"href":"https:\/\/odlar.media\/index.php?rest_route=\/wp\/v2\/posts\/84972\/revisions\/84975"}],"wp:featuredmedia":[{"embeddable":true,"href":"https:\/\/odlar.media\/index.php?rest_route=\/wp\/v2\/media\/84973"}],"wp:attachment":[{"href":"https:\/\/odlar.media\/index.php?rest_route=%2Fwp%2Fv2%2Fmedia&parent=84972"}],"wp:term":[{"taxonomy":"category","embeddable":true,"href":"https:\/\/odlar.media\/index.php?rest_route=%2Fwp%2Fv2%2Fcategories&post=84972"},{"taxonomy":"post_tag","embeddable":true,"href":"https:\/\/odlar.media\/index.php?rest_route=%2Fwp%2Fv2%2Ftags&post=84972"}],"curies":[{"name":"wp","href":"https:\/\/api.w.org\/{rel}","templated":true}]}}