{"id":84958,"date":"2026-09-04T13:50:01","date_gmt":"2026-09-04T09:50:01","guid":{"rendered":"https:\/\/odlar.media\/?p=84958"},"modified":"2026-09-04T13:54:42","modified_gmt":"2026-09-04T09:54:42","slug":"astanada-turk-dunyasinin-g%c9%99l%c9%99c%c9%99yi-muzakir%c9%99-edil%c9%99c%c9%99k","status":"publish","type":"post","link":"https:\/\/odlar.media\/?p=84958","title":{"rendered":"Astanada T\u00fcrk d\u00fcnyas\u0131n\u0131n g\u0259l\u0259c\u0259yi m\u00fczakir\u0259 edil\u0259c\u0259k"},"content":{"rendered":"<p><strong>Odlar.media<\/strong> x\u0259b\u0259r verir ki, bu g\u00fcn Qazax\u0131stan\u0131n paytaxt\u0131 Astanada \u201cT\u00fcrk d\u00fcnyas\u0131 dialoqlar\u0131: ortaq g\u0259l\u0259c\u0259k, ortaq vizyon\u201d m\u00f6vzusunda panel m\u00fczakir\u0259si ke\u00e7iril\u0259c\u0259k.<br \/>\nT\u00fcrkiy\u0259 Prezident Administrasiyas\u0131n\u0131n Kommunikasiya \u0130dar\u0259sinin m\u0259lumat\u0131na g\u00f6r\u0259, t\u0259dbird\u0259 T\u00fcrk d\u00fcnyas\u0131nda \u0259m\u0259kda\u015fl\u0131\u011f\u0131n geni\u015fl\u0259ndirilm\u0259si perspektivl\u0259ri m\u00fczakir\u0259 olunacaq.<br \/>\nPaneld\u0259 t\u0259hsil, iqtisadiyyat, n\u0259qliyyat, enerji, elm v\u0259 texnologiya, m\u00fcdafi\u0259 s\u0259nayesi, media v\u0259 m\u0259d\u0259niyy\u0259t daxil olmaqla, m\u00fcxt\u0259lif sah\u0259l\u0259r \u00fczr\u0259 \u0259m\u0259kda\u015fl\u0131q imkanlar\u0131na diqq\u0259t yetiril\u0259c\u0259k.<br \/>\nM\u00fczakir\u0259l\u0259rin \u0259sas m\u0259qs\u0259dl\u0259ri s\u0131ras\u0131nda T\u00fcrk D\u00f6vl\u0259tl\u0259ri T\u0259\u015fkilat\u0131n\u0131n (TDT) regional v\u0259 qlobal s\u0259viyy\u0259d\u0259 g\u00f6r\u00fcn\u00fcrl\u00fc\u011f\u00fcn\u00fcn art\u0131r\u0131lmas\u0131, T\u00fcrk d\u00fcnyas\u0131n\u0131n ortaq bax\u0131\u015f\u0131n\u0131n m\u00fcxt\u0259lif ictimaiyy\u0259tl\u0259r\u0259 \u00e7atd\u0131r\u0131lmas\u0131, el\u0259c\u0259 d\u0259 \u00fczv v\u0259 t\u0259r\u0259fda\u015f \u00f6lk\u0259l\u0259r aras\u0131nda akademik, m\u0259d\u0259ni v\u0259 sosial \u0259laq\u0259l\u0259rin g\u00fccl\u0259ndirilm\u0259si yer al\u0131r.<br \/>\nT\u0259dbir \u00e7\u0259r\u00e7iv\u0259sind\u0259, h\u0259m\u00e7inin oktyabr\u0131n 29-30-da Ankarada ke\u00e7iril\u0259c\u0259k TDT D\u00f6vl\u0259t Ba\u015f\u00e7\u0131lar\u0131 \u015euras\u0131n\u0131n 13-c\u00fc Zirv\u0259 G\u00f6r\u00fc\u015f\u00fcn\u0259 dair g\u00f6zl\u0259ntil\u0259r d\u0259 m\u00fczakir\u0259 edil\u0259c\u0259k.<\/p>\n<p><strong>Odlar.media<\/strong><\/p>\n","protected":false},"excerpt":{"rendered":"<p>Odlar.media x\u0259b\u0259r verir ki, bu g\u00fcn Qazax\u0131stan\u0131n paytaxt\u0131 Astanada \u201cT\u00fcrk d\u00fcnyas\u0131 dialoqlar\u0131: ortaq g\u0259l\u0259c\u0259k, ortaq vizyon\u201d m\u00f6vzusunda panel m\u00fczakir\u0259si ke\u00e7iril\u0259c\u0259k. T\u00fcrkiy\u0259 Prezident Administrasiyas\u0131n\u0131n Kommunikasiya \u0130dar\u0259sinin m\u0259lumat\u0131na g\u00f6r\u0259, t\u0259dbird\u0259 T\u00fcrk d\u00fcnyas\u0131nda&hellip; <\/p>\n","protected":false},"author":537,"featured_media":84961,"comment_status":"closed","ping_status":"closed","sticky":false,"template":"","format":"standard","meta":{"footnotes":""},"categories":[55],"tags":[],"class_list":["post-84958","post","type-post","status-publish","format-standard","has-post-thumbnail","hentry","category-dunya"],"_links":{"self":[{"href":"https:\/\/odlar.media\/index.php?rest_route=\/wp\/v2\/posts\/84958","targetHints":{"allow":["GET"]}}],"collection":[{"href":"https:\/\/odlar.media\/index.php?rest_route=\/wp\/v2\/posts"}],"about":[{"href":"https:\/\/odlar.media\/index.php?rest_route=\/wp\/v2\/types\/post"}],"author":[{"embeddable":true,"href":"https:\/\/odlar.media\/index.php?rest_route=\/wp\/v2\/users\/537"}],"replies":[{"embeddable":true,"href":"https:\/\/odlar.media\/index.php?rest_route=%2Fwp%2Fv2%2Fcomments&post=84958"}],"version-history":[{"count":2,"href":"https:\/\/odlar.media\/index.php?rest_route=\/wp\/v2\/posts\/84958\/revisions"}],"predecessor-version":[{"id":84967,"href":"https:\/\/odlar.media\/index.php?rest_route=\/wp\/v2\/posts\/84958\/revisions\/84967"}],"wp:featuredmedia":[{"embeddable":true,"href":"https:\/\/odlar.media\/index.php?rest_route=\/wp\/v2\/media\/84961"}],"wp:attachment":[{"href":"https:\/\/odlar.media\/index.php?rest_route=%2Fwp%2Fv2%2Fmedia&parent=84958"}],"wp:term":[{"taxonomy":"category","embeddable":true,"href":"https:\/\/odlar.media\/index.php?rest_route=%2Fwp%2Fv2%2Fcategories&post=84958"},{"taxonomy":"post_tag","embeddable":true,"href":"https:\/\/odlar.media\/index.php?rest_route=%2Fwp%2Fv2%2Ftags&post=84958"}],"curies":[{"name":"wp","href":"https:\/\/api.w.org\/{rel}","templated":true}]}}