{"id":84954,"date":"2026-09-04T13:47:50","date_gmt":"2026-09-04T09:47:50","guid":{"rendered":"https:\/\/odlar.media\/?p=84954"},"modified":"2026-09-04T13:47:50","modified_gmt":"2026-09-04T09:47:50","slug":"pasinyan-turkm%c9%99nistan-prezidentini-erm%c9%99nistana-d%c9%99v%c9%99t-etdi","status":"publish","type":"post","link":"https:\/\/odlar.media\/?p=84954","title":{"rendered":"Pa\u015finyan T\u00fcrkm\u0259nistan Prezidentini Erm\u0259nistana d\u0259v\u0259t etdi"},"content":{"rendered":"<p><strong>Odlar.media<\/strong> x\u0259b\u0259r verir ki, Erm\u0259nistan\u0131n Ba\u015f naziri Nikol Pa\u015finyan T\u00fcrkm\u0259nistan Prezidenti S\u0259rdar Berdim\u0259h\u0259mm\u0259dovla telefon dan\u0131\u015f\u0131\u011f\u0131 apar\u0131b.<br \/>\nErm\u0259nistan Nazirl\u0259r Kabinetinin yayd\u0131\u011f\u0131 m\u0259lumata g\u00f6r\u0259, telefon s\u00f6hb\u0259ti zaman\u0131 Erm\u0259nistan-T\u00fcrkm\u0259nistan m\u00fcnasib\u0259tl\u0259rinin inki\u015faf etdirilm\u0259si m\u0259s\u0259l\u0259l\u0259ri m\u00fczakir\u0259 olunub.<br \/>\nPa\u015finyan T\u00fcrkm\u0259nistan Prezidentini bu ilin oktyabr\u0131nda Erm\u0259nistanda ke\u00e7iril\u0259c\u0259k Bioloji M\u00fcxt\u0259liflik haqq\u0131nda Konvensiyan\u0131n T\u0259r\u0259fl\u0259r Konfrans\u0131n\u0131n 17-ci sessiyas\u0131 (COP17) \u00e7\u0259r\u00e7iv\u0259sind\u0259 t\u0259\u015fkil olunacaq Liderl\u0259r Zirv\u0259sind\u0259 i\u015ftirak etm\u0259k \u00fc\u00e7\u00fcn \u00f6lk\u0259sin\u0259 d\u0259v\u0259t edib.<br \/>\nS\u0259rdar Berdim\u0259h\u0259mm\u0259dov d\u0259v\u0259ti q\u0259bul edib.<br \/>\nQeyd ed\u0259k ki, Erm\u0259nistan COP17-y\u0259 2026-c\u0131 ilin oktyabr\u0131nda ev sahibliyi ed\u0259c\u0259k.<\/p>\n<p><strong>Odlar.media<\/strong><\/p>\n","protected":false},"excerpt":{"rendered":"<p>Odlar.media x\u0259b\u0259r verir ki, Erm\u0259nistan\u0131n Ba\u015f naziri Nikol Pa\u015finyan T\u00fcrkm\u0259nistan Prezidenti S\u0259rdar Berdim\u0259h\u0259mm\u0259dovla telefon dan\u0131\u015f\u0131\u011f\u0131 apar\u0131b. Erm\u0259nistan Nazirl\u0259r Kabinetinin yayd\u0131\u011f\u0131 m\u0259lumata g\u00f6r\u0259, telefon s\u00f6hb\u0259ti zaman\u0131 Erm\u0259nistan-T\u00fcrkm\u0259nistan m\u00fcnasib\u0259tl\u0259rinin inki\u015faf etdirilm\u0259si m\u0259s\u0259l\u0259l\u0259ri&hellip; <\/p>\n","protected":false},"author":537,"featured_media":84955,"comment_status":"closed","ping_status":"closed","sticky":false,"template":"","format":"standard","meta":{"footnotes":""},"categories":[55],"tags":[],"class_list":["post-84954","post","type-post","status-publish","format-standard","has-post-thumbnail","hentry","category-dunya"],"_links":{"self":[{"href":"https:\/\/odlar.media\/index.php?rest_route=\/wp\/v2\/posts\/84954","targetHints":{"allow":["GET"]}}],"collection":[{"href":"https:\/\/odlar.media\/index.php?rest_route=\/wp\/v2\/posts"}],"about":[{"href":"https:\/\/odlar.media\/index.php?rest_route=\/wp\/v2\/types\/post"}],"author":[{"embeddable":true,"href":"https:\/\/odlar.media\/index.php?rest_route=\/wp\/v2\/users\/537"}],"replies":[{"embeddable":true,"href":"https:\/\/odlar.media\/index.php?rest_route=%2Fwp%2Fv2%2Fcomments&post=84954"}],"version-history":[{"count":2,"href":"https:\/\/odlar.media\/index.php?rest_route=\/wp\/v2\/posts\/84954\/revisions"}],"predecessor-version":[{"id":84957,"href":"https:\/\/odlar.media\/index.php?rest_route=\/wp\/v2\/posts\/84954\/revisions\/84957"}],"wp:featuredmedia":[{"embeddable":true,"href":"https:\/\/odlar.media\/index.php?rest_route=\/wp\/v2\/media\/84955"}],"wp:attachment":[{"href":"https:\/\/odlar.media\/index.php?rest_route=%2Fwp%2Fv2%2Fmedia&parent=84954"}],"wp:term":[{"taxonomy":"category","embeddable":true,"href":"https:\/\/odlar.media\/index.php?rest_route=%2Fwp%2Fv2%2Fcategories&post=84954"},{"taxonomy":"post_tag","embeddable":true,"href":"https:\/\/odlar.media\/index.php?rest_route=%2Fwp%2Fv2%2Ftags&post=84954"}],"curies":[{"name":"wp","href":"https:\/\/api.w.org\/{rel}","templated":true}]}}