{"id":84946,"date":"2026-09-04T12:00:36","date_gmt":"2026-09-04T08:00:36","guid":{"rendered":"https:\/\/odlar.media\/?p=84946"},"modified":"2026-09-04T12:00:36","modified_gmt":"2026-09-04T08:00:36","slug":"bakinin-iki-rayonunda-qaz-t%c9%99chizati-muv%c9%99qq%c9%99ti-dayandirilacaq","status":"publish","type":"post","link":"https:\/\/odlar.media\/?p=84946","title":{"rendered":"Bak\u0131n\u0131n iki rayonunda qaz t\u0259chizat\u0131 m\u00fcv\u0259qq\u0259ti dayand\u0131r\u0131lacaq"},"content":{"rendered":"<p><strong>Odlar.media<\/strong> x\u0259b\u0259r verir ki, t\u0259mir-qura\u015fd\u0131rma i\u015fl\u0259ri il\u0259 \u0259laq\u0259dar sentyabr\u0131n 4-d\u0259 saat 10:00-dan etibar\u0259n Bak\u0131n\u0131n X\u0259tai v\u0259 Suraxan\u0131 rayonlar\u0131n\u0131n b\u0259zi \u0259razil\u0259rind\u0259 qaz t\u0259chizat\u0131nda q\u0131sam\u00fcdd\u0259tli fasil\u0259 yaranacaq.<br \/>\nBu bar\u0259d\u0259 \u201cAz\u0259riqaz\u201d \u0130stehsalat Birliyi m\u0259lumat yay\u0131b.<br \/>\nM\u0259lumata g\u00f6r\u0259, X\u0259tai rayonunda M.R\u00fcst\u0259mov, Sarayevo v\u0259 Neapol k\u00fc\u00e7\u0259l\u0259rinin bir hiss\u0259sind\u0259, Suraxan\u0131 rayonunun \u018fmircan q\u0259s\u0259b\u0259sind\u0259 is\u0259 H.Axundlu k\u00fc\u00e7\u0259sind\u0259 qaz\u0131n verili\u015fi i\u015fl\u0259r yekunla\u015fanad\u0259k m\u00fcv\u0259qq\u0259ti m\u0259hdudla\u015fd\u0131r\u0131lacaq.<br \/>\nQaz t\u0259chizat\u0131n\u0131n n\u0259 vaxt b\u0259rpa olunaca\u011f\u0131 apar\u0131lan t\u0259mir-qura\u015fd\u0131rma i\u015fl\u0259rinin ba\u015fa \u00e7atma m\u00fcdd\u0259tind\u0259n as\u0131l\u0131 olacaq.<\/p>\n<p><strong>Odlar.media<\/strong><\/p>\n","protected":false},"excerpt":{"rendered":"<p>Odlar.media x\u0259b\u0259r verir ki, t\u0259mir-qura\u015fd\u0131rma i\u015fl\u0259ri il\u0259 \u0259laq\u0259dar sentyabr\u0131n 4-d\u0259 saat 10:00-dan etibar\u0259n Bak\u0131n\u0131n X\u0259tai v\u0259 Suraxan\u0131 rayonlar\u0131n\u0131n b\u0259zi \u0259razil\u0259rind\u0259 qaz t\u0259chizat\u0131nda q\u0131sam\u00fcdd\u0259tli fasil\u0259 yaranacaq. Bu bar\u0259d\u0259 \u201cAz\u0259riqaz\u201d \u0130stehsalat Birliyi&hellip; <\/p>\n","protected":false},"author":537,"featured_media":84947,"comment_status":"closed","ping_status":"closed","sticky":false,"template":"","format":"standard","meta":{"footnotes":""},"categories":[71],"tags":[],"class_list":["post-84946","post","type-post","status-publish","format-standard","has-post-thumbnail","hentry","category-sosial"],"_links":{"self":[{"href":"https:\/\/odlar.media\/index.php?rest_route=\/wp\/v2\/posts\/84946","targetHints":{"allow":["GET"]}}],"collection":[{"href":"https:\/\/odlar.media\/index.php?rest_route=\/wp\/v2\/posts"}],"about":[{"href":"https:\/\/odlar.media\/index.php?rest_route=\/wp\/v2\/types\/post"}],"author":[{"embeddable":true,"href":"https:\/\/odlar.media\/index.php?rest_route=\/wp\/v2\/users\/537"}],"replies":[{"embeddable":true,"href":"https:\/\/odlar.media\/index.php?rest_route=%2Fwp%2Fv2%2Fcomments&post=84946"}],"version-history":[{"count":2,"href":"https:\/\/odlar.media\/index.php?rest_route=\/wp\/v2\/posts\/84946\/revisions"}],"predecessor-version":[{"id":84949,"href":"https:\/\/odlar.media\/index.php?rest_route=\/wp\/v2\/posts\/84946\/revisions\/84949"}],"wp:featuredmedia":[{"embeddable":true,"href":"https:\/\/odlar.media\/index.php?rest_route=\/wp\/v2\/media\/84947"}],"wp:attachment":[{"href":"https:\/\/odlar.media\/index.php?rest_route=%2Fwp%2Fv2%2Fmedia&parent=84946"}],"wp:term":[{"taxonomy":"category","embeddable":true,"href":"https:\/\/odlar.media\/index.php?rest_route=%2Fwp%2Fv2%2Fcategories&post=84946"},{"taxonomy":"post_tag","embeddable":true,"href":"https:\/\/odlar.media\/index.php?rest_route=%2Fwp%2Fv2%2Ftags&post=84946"}],"curies":[{"name":"wp","href":"https:\/\/api.w.org\/{rel}","templated":true}]}}