{"id":84935,"date":"2026-09-04T11:29:00","date_gmt":"2026-09-04T07:29:00","guid":{"rendered":"https:\/\/odlar.media\/?p=84935"},"modified":"2026-09-04T11:29:00","modified_gmt":"2026-09-04T07:29:00","slug":"pes%c9%99-t%c9%99hsilind%c9%99-kocurulm%c9%99-v%c9%99-b%c9%99rpa-prosesi-basladi-son-tarix-aciqlandi","status":"publish","type":"post","link":"https:\/\/odlar.media\/?p=84935","title":{"rendered":"Pe\u015f\u0259 t\u0259hsilind\u0259 k\u00f6\u00e7\u00fcr\u00fclm\u0259 v\u0259 b\u0259rpa prosesi ba\u015flad\u0131 \u2014 Son tarix A\u00c7IQLANDI"},"content":{"rendered":"<header id=\"header\" class=\"sticky\">\n<div class=\"top_section_desktop\">\n<div class=\"container\">\n<strong>Odlar.media<\/strong> x\u0259b\u0259r verir ki, 2026\u20132027-ci t\u0259dris ilinin birinci yar\u0131mili \u00fczr\u0259 pe\u015f\u0259 t\u0259hsili pill\u0259sind\u0259 t\u0259hsilalanlar\u0131n k\u00f6\u00e7\u00fcr\u00fclm\u0259si v\u0259 b\u0259rpas\u0131 prosesin\u0259 start verilib.<br \/>\nPe\u015f\u0259 T\u0259hsili \u00fczr\u0259 D\u00f6vl\u0259t Agentliyind\u0259n bildirilib ki, m\u00fcraci\u0259t etm\u0259k ist\u0259y\u0259n \u015f\u0259xsl\u0259r portal.edu.az platformas\u0131nda \u015f\u0259xsi kabinetl\u0259rin\u0259 daxil olaraq \u201cT\u0259hsilalanlar\u0131n k\u00f6\u00e7\u00fcr\u00fclm\u0259si v\u0259 b\u0259rpas\u0131\u201d xidm\u0259tini se\u00e7\u0259 bil\u0259rl\u0259r.<br \/>\nM\u00fcraci\u0259tl\u0259rin q\u0259bulu 10 sentyabr 2026-c\u0131 il saat 18:00-da ba\u015fa \u00e7atacaq.<br \/>\nQeyd olunub ki, t\u0259hsil m\u00fc\u0259ssis\u0259sini v\u0259 ya ixtisas\u0131n\u0131 d\u0259yi\u015f\u0259n, el\u0259c\u0259 d\u0259 t\u0259hsil m\u00fc\u0259ssis\u0259sin\u0259 b\u0259rpa olunan \u015f\u0259xsl\u0259r, m\u00fc\u0259yy\u0259n edilmi\u015f istisnalar n\u0259z\u0259r\u0259 al\u0131nmaqla, t\u0259hsill\u0259rini yaln\u0131z \u00f6d\u0259ni\u015fli \u0259saslarla davam etdirirl\u0259r.<br \/>\n\u0130lk pe\u015f\u0259 t\u0259hsili s\u0259viyy\u0259sind\u0259 t\u0259hsilalanlar\u0131n t\u0259hsil m\u00fc\u0259ssis\u0259sini v\u0259 ixtisas\u0131n\u0131 d\u0259yi\u015fm\u0259sin\u0259 icaz\u0259 verilmir. Texniki pe\u015f\u0259 t\u0259hsili s\u0259viyy\u0259sind\u0259 is\u0259 birinci kursu ba\u015fa vurmayan t\u0259l\u0259b\u0259l\u0259rin t\u0259hsil m\u00fc\u0259ssis\u0259sini v\u0259 ixtisas\u0131n\u0131 d\u0259yi\u015fm\u0259si m\u00fcmk\u00fcn deyil.<br \/>\nPe\u015f\u0259 t\u0259hsili m\u00fc\u0259ssis\u0259l\u0259rind\u0259 ixtisas d\u0259yi\u015fikliyi v\u0259 b\u0259rpa prosesi Nazirl\u0259r Kabinetinin 31 oktyabr 2011-ci il tarixli 178 n\u00f6mr\u0259li q\u0259rar\u0131 il\u0259 t\u0259sdiq edilmi\u015f \u201cPe\u015f\u0259 t\u0259hsili \u00fczr\u0259 ixtisaslar\u0131n T\u0259snifat\u0131\u201d \u0259sas\u0131nda eyni ixtisas qrupu daxilind\u0259 h\u0259yata ke\u00e7irilir.<br \/>\nM\u00fcraci\u0259t ed\u0259n \u015f\u0259xsl\u0259r prosesin n\u0259tic\u0259l\u0259ri bar\u0259d\u0259 m\u0259lumat\u0131 m\u00fcraci\u0259tl\u0259rin q\u0259bulu ba\u015fa \u00e7atd\u0131qdan sonra 15 g\u00fcn \u0259rzind\u0259 \u015f\u0259xsi kabinetl\u0259ri vasit\u0259sil\u0259 \u0259ld\u0259 ed\u0259 bil\u0259c\u0259kl\u0259r.<\/div>\n<div class=\"container\">\n<strong>Odlar.media<\/strong><\/div>\n<\/div>\n<\/header>\n","protected":false},"excerpt":{"rendered":"<p>Odlar.media x\u0259b\u0259r verir ki, 2026\u20132027-ci t\u0259dris ilinin birinci yar\u0131mili \u00fczr\u0259 pe\u015f\u0259 t\u0259hsili pill\u0259sind\u0259 t\u0259hsilalanlar\u0131n k\u00f6\u00e7\u00fcr\u00fclm\u0259si v\u0259 b\u0259rpas\u0131 prosesin\u0259 start verilib. Pe\u015f\u0259 T\u0259hsili \u00fczr\u0259 D\u00f6vl\u0259t Agentliyind\u0259n bildirilib ki, m\u00fcraci\u0259t etm\u0259k ist\u0259y\u0259n&hellip; <\/p>\n","protected":false},"author":537,"featured_media":84936,"comment_status":"closed","ping_status":"closed","sticky":false,"template":"","format":"standard","meta":{"footnotes":""},"categories":[69],"tags":[],"class_list":["post-84935","post","type-post","status-publish","format-standard","has-post-thumbnail","hentry","category-thsil"],"_links":{"self":[{"href":"https:\/\/odlar.media\/index.php?rest_route=\/wp\/v2\/posts\/84935","targetHints":{"allow":["GET"]}}],"collection":[{"href":"https:\/\/odlar.media\/index.php?rest_route=\/wp\/v2\/posts"}],"about":[{"href":"https:\/\/odlar.media\/index.php?rest_route=\/wp\/v2\/types\/post"}],"author":[{"embeddable":true,"href":"https:\/\/odlar.media\/index.php?rest_route=\/wp\/v2\/users\/537"}],"replies":[{"embeddable":true,"href":"https:\/\/odlar.media\/index.php?rest_route=%2Fwp%2Fv2%2Fcomments&post=84935"}],"version-history":[{"count":2,"href":"https:\/\/odlar.media\/index.php?rest_route=\/wp\/v2\/posts\/84935\/revisions"}],"predecessor-version":[{"id":84938,"href":"https:\/\/odlar.media\/index.php?rest_route=\/wp\/v2\/posts\/84935\/revisions\/84938"}],"wp:featuredmedia":[{"embeddable":true,"href":"https:\/\/odlar.media\/index.php?rest_route=\/wp\/v2\/media\/84936"}],"wp:attachment":[{"href":"https:\/\/odlar.media\/index.php?rest_route=%2Fwp%2Fv2%2Fmedia&parent=84935"}],"wp:term":[{"taxonomy":"category","embeddable":true,"href":"https:\/\/odlar.media\/index.php?rest_route=%2Fwp%2Fv2%2Fcategories&post=84935"},{"taxonomy":"post_tag","embeddable":true,"href":"https:\/\/odlar.media\/index.php?rest_route=%2Fwp%2Fv2%2Ftags&post=84935"}],"curies":[{"name":"wp","href":"https:\/\/api.w.org\/{rel}","templated":true}]}}