{"id":84930,"date":"2026-09-04T11:00:57","date_gmt":"2026-09-04T07:00:57","guid":{"rendered":"https:\/\/odlar.media\/?p=84930"},"modified":"2026-09-04T11:00:57","modified_gmt":"2026-09-04T07:00:57","slug":"fransada-agcaqanadlara-qarsi-qadaga-qoyuldu-mer-onlari-m%c9%99hk%c9%99m%c9%99-il%c9%99-h%c9%99d%c9%99l%c9%99di","status":"publish","type":"post","link":"https:\/\/odlar.media\/?p=84930","title":{"rendered":"Fransada a\u011fcaqanadlara qar\u015f\u0131 \u201cqada\u011fa\u201d qoyuldu \u2013 Mer onlar\u0131 m\u0259hk\u0259m\u0259 il\u0259 h\u0259d\u0259l\u0259di"},"content":{"rendered":"<h1 data-pm-slice=\"1 1 []\"><\/h1>\n<p><strong>Odlar.media<\/strong> x\u0259b\u0259r verir ki, Fransan\u0131n Sen-Jyust-Sen-Ramber kommunas\u0131nda p\u0259l\u0259ng a\u011fcaqanadlar\u0131n\u0131n geni\u015f yay\u0131lmas\u0131na diqq\u0259t \u00e7\u0259km\u0259k \u00fc\u00e7\u00fcn qeyri-adi q\u0259rar q\u0259bul edilib.<\/p>\n<p>Kommunan\u0131n meri Olivye Joli a\u011fcaqanadlar\u0131n \u0259razid\u0259 u\u00e7mas\u0131n\u0131 r\u0259smi \u015f\u0259kild\u0259 qada\u011fan ed\u0259n istehzal\u0131 f\u0259rman imzalay\u0131b. S\u0259n\u0259dd\u0259 qaydan\u0131 pozan h\u0259\u015f\u0259ratlar\u0131n m\u0259suliyy\u0259t\u0259 c\u0259lb olunaca\u011f\u0131 v\u0259 h\u0259tta m\u0259hk\u0259m\u0259 il\u0259 h\u0259d\u0259l\u0259ndiyi qeyd edilib.<\/p>\n<p>F\u0259rmanda al\u00e7aq h\u00fcnd\u00fcrl\u00fckd\u0259 u\u00e7an v\u0259 dair\u0259vi h\u0259r\u0259k\u0259t ed\u0259n a\u011fcaqanadlar\u0131n, el\u0259c\u0259 d\u0259 onlar\u0131n di\u015fl\u0259m\u0259l\u0259rinin sakinl\u0259r aras\u0131nda q\u0131c\u0131qlanma v\u0259 ciddi naraz\u0131l\u0131q yaratd\u0131\u011f\u0131 vur\u011fulan\u0131b.<\/p>\n<p>Lakin merin s\u00f6zl\u0259rin\u0259 g\u00f6r\u0259, indiy\u0259d\u0259k he\u00e7 bir a\u011fcaqanad saxlan\u0131lmay\u0131b v\u0259 ya c\u0259rim\u0259l\u0259nm\u0259yib.<\/p>\n<p>Joli bildirib ki, q\u0259rar\u0131n yumoristik formas\u0131n\u0131n arxas\u0131nda ciddi problem dayan\u0131r. Yay t\u0259tilind\u0259n sonra kommunan\u0131n sakinl\u0259rind\u0259n a\u011fcaqanadlarla ba\u011fl\u0131 \u00e7oxsayl\u0131 \u015fikay\u0259tl\u0259r daxil olub. H\u0259\u015f\u0259ratlar\u0131n \u00e7oxalmas\u0131 insanlar\u0131n a\u00e7\u0131q havada vaxt ke\u00e7irm\u0259sini \u00e7\u0259tinl\u0259\u015fdirib.<\/p>\n<p>B\u0259l\u0259diyy\u0259 sakinl\u0259r\u0259 a\u011fcaqanadlar\u0131n \u00e7oxalmas\u0131na \u015f\u0259rait yaradan dur\u011fun su m\u0259nb\u0259l\u0259rini aradan qald\u0131rma\u011f\u0131, vedr\u0259l\u0259rd\u0259, g\u00fcl qablar\u0131nda v\u0259 k\u00f6hn\u0259 t\u0259k\u0259rl\u0259rd\u0259 su saxlamama\u011f\u0131, nov v\u0259 kanallar\u0131 m\u00fct\u0259madi t\u0259mizl\u0259m\u0259yi, hovuzlar\u0131 is\u0259 \u00f6rtm\u0259yi v\u0259 ya t\u0259miz saxlama\u011f\u0131 t\u00f6vsiy\u0259 edib.<\/p>\n<p>A\u011fcaqanadlarla m\u00fcbariz\u0259 t\u0259dbirl\u0259rin\u0259 <strong>45 min avro<\/strong> v\u0259sait ayr\u0131l\u0131b. Bu \u00e7\u0259r\u00e7iv\u0259d\u0259 x\u00fcsusi t\u0259l\u0259l\u0259r, yarasalar \u00fc\u00e7\u00fcn yuvalar v\u0259 a\u011fcaqanadlar\u0131n t\u0259bii d\u00fc\u015fm\u0259nl\u0259ri hesab olunan qaranqu\u015flar\u0131 c\u0259lb etm\u0259k \u00fc\u00e7\u00fcn m\u00fcxt\u0259lif qur\u011fular qura\u015fd\u0131r\u0131l\u0131r.<\/p>\n<p>Qeyd ed\u0259k ki, tropik v\u0259 subtropik b\u00f6lg\u0259l\u0259r\u0259 m\u0259nsub p\u0259l\u0259ng a\u011fcaqanadlar\u0131 ilk d\u0259f\u0259 2004-c\u00fc ild\u0259 Fransada qeyd\u0259 al\u0131n\u0131b. H\u0259min vaxtdan etibar\u0259n bu h\u0259\u015f\u0259ratlar\u0131n \u00f6lk\u0259 \u0259razisind\u0259 yay\u0131lmas\u0131 davam edir.<\/p>\n<p><strong>Odlar.media<\/strong><\/p>\n","protected":false},"excerpt":{"rendered":"<p>Odlar.media x\u0259b\u0259r verir ki, Fransan\u0131n Sen-Jyust-Sen-Ramber kommunas\u0131nda p\u0259l\u0259ng a\u011fcaqanadlar\u0131n\u0131n geni\u015f yay\u0131lmas\u0131na diqq\u0259t \u00e7\u0259km\u0259k \u00fc\u00e7\u00fcn qeyri-adi q\u0259rar q\u0259bul edilib. Kommunan\u0131n meri Olivye Joli a\u011fcaqanadlar\u0131n \u0259razid\u0259 u\u00e7mas\u0131n\u0131 r\u0259smi \u015f\u0259kild\u0259 qada\u011fan ed\u0259n istehzal\u0131&hellip; <\/p>\n","protected":false},"author":537,"featured_media":84931,"comment_status":"closed","ping_status":"closed","sticky":false,"template":"","format":"standard","meta":{"footnotes":""},"categories":[128],"tags":[],"class_list":["post-84930","post","type-post","status-publish","format-standard","has-post-thumbnail","hentry","category-avropa"],"_links":{"self":[{"href":"https:\/\/odlar.media\/index.php?rest_route=\/wp\/v2\/posts\/84930","targetHints":{"allow":["GET"]}}],"collection":[{"href":"https:\/\/odlar.media\/index.php?rest_route=\/wp\/v2\/posts"}],"about":[{"href":"https:\/\/odlar.media\/index.php?rest_route=\/wp\/v2\/types\/post"}],"author":[{"embeddable":true,"href":"https:\/\/odlar.media\/index.php?rest_route=\/wp\/v2\/users\/537"}],"replies":[{"embeddable":true,"href":"https:\/\/odlar.media\/index.php?rest_route=%2Fwp%2Fv2%2Fcomments&post=84930"}],"version-history":[{"count":2,"href":"https:\/\/odlar.media\/index.php?rest_route=\/wp\/v2\/posts\/84930\/revisions"}],"predecessor-version":[{"id":84933,"href":"https:\/\/odlar.media\/index.php?rest_route=\/wp\/v2\/posts\/84930\/revisions\/84933"}],"wp:featuredmedia":[{"embeddable":true,"href":"https:\/\/odlar.media\/index.php?rest_route=\/wp\/v2\/media\/84931"}],"wp:attachment":[{"href":"https:\/\/odlar.media\/index.php?rest_route=%2Fwp%2Fv2%2Fmedia&parent=84930"}],"wp:term":[{"taxonomy":"category","embeddable":true,"href":"https:\/\/odlar.media\/index.php?rest_route=%2Fwp%2Fv2%2Fcategories&post=84930"},{"taxonomy":"post_tag","embeddable":true,"href":"https:\/\/odlar.media\/index.php?rest_route=%2Fwp%2Fv2%2Ftags&post=84930"}],"curies":[{"name":"wp","href":"https:\/\/api.w.org\/{rel}","templated":true}]}}