{"id":84897,"date":"2026-09-03T17:52:20","date_gmt":"2026-09-03T13:52:20","guid":{"rendered":"https:\/\/odlar.media\/?p=84897"},"modified":"2026-09-03T17:52:20","modified_gmt":"2026-09-03T13:52:20","slug":"irakli-qaribasvili-lazare-corbenadzenin-olumu-il%c9%99-bagli-dindirilir","status":"publish","type":"post","link":"https:\/\/odlar.media\/?p=84897","title":{"rendered":"\u0130rakli Qariba\u015fvili Lazare Corbenadzenin \u00f6l\u00fcm\u00fc il\u0259 ba\u011fl\u0131 dindirilir"},"content":{"rendered":"<p><strong>Odlar.media<\/strong> x\u0259b\u0259r verir ki, G\u00fcrc\u00fcstan\u0131n h\u0259bsd\u0259 olan sabiq Ba\u015f naziri \u0130rakli Qariba\u015fvili h\u00fcquq m\u00fcdafi\u0259\u00e7isi Lazare Corbenadzenin \u00f6l\u00fcm\u00fc il\u0259 ba\u011fl\u0131 apar\u0131lan istintaqa c\u0259lb edilib.<br \/>\nM\u0259lumata g\u00f6r\u0259, G\u00fcrc\u00fcstan Ba\u015f Prokurorlu\u011fu v\u0259 Daxili \u0130\u015fl\u0259r Nazirliyinin n\u00fcmay\u0259nd\u0259l\u0259ri Qariba\u015fvilinin c\u0259zas\u0131n\u0131 \u00e7\u0259kdiyi Rustavi \u015f\u0259h\u0259rind\u0259ki 12 sayl\u0131 penitensiar m\u00fc\u0259ssis\u0259y\u0259 ged\u0259r\u0259k onunla g\u00f6r\u00fc\u015f\u00fcbl\u0259r.<br \/>\nSabiq Ba\u015f nazirin h\u00fcquq m\u00fcdafi\u0259\u00e7isi Lazare Corbenadzenin \u00f6l\u00fcm\u00fcn\u00fcn s\u0259b\u0259bl\u0259ri il\u0259 ba\u011fl\u0131 yayd\u0131\u011f\u0131 son m\u00fcraci\u0259tind\u0259 s\u0259sl\u0259ndirdiyi fikirl\u0259rl\u0259 \u0259laq\u0259dar dindirildiyi bildirilir. Qariba\u015fvili h\u0259min m\u00fcraci\u0259tind\u0259 Corbenadzenin intihar\u0131n\u0131n \u0259sl s\u0259b\u0259binin ara\u015fd\u0131r\u0131lmas\u0131na diqq\u0259t \u00e7\u0259kib.<br \/>\nQeyd ed\u0259k ki, G\u00fcrc\u00fcstan Ba\u015f Prokurorlu\u011fu h\u00fcquq m\u00fcdafi\u0259\u00e7isi Lazare Corbenadzenin bu il aprelin 4-d\u0259 intihar etdiyini a\u00e7\u0131qlay\u0131b. \u0130stintaq \u00e7\u0259r\u00e7iv\u0259sind\u0259 Qariba\u015fvili il\u0259 yana\u015f\u0131, bir ne\u00e7\u0259 m\u00fcxalif\u0259t\u00e7inin d\u0259 dindiril\u0259c\u0259yi bildirilib.<br \/>\n\u0130rakli Qariba\u015fvili haz\u0131rda ba\u015fqa cinay\u0259t i\u015fi \u00fczr\u0259 ald\u0131\u011f\u0131 5 illik h\u0259bs c\u0259zas\u0131n\u0131 Rustavid\u0259ki penitensiar m\u00fc\u0259ssis\u0259d\u0259 \u00e7\u0259kir.<\/p>\n<p><strong>Odlar.media<\/strong><\/p>\n","protected":false},"excerpt":{"rendered":"<p>Odlar.media x\u0259b\u0259r verir ki, G\u00fcrc\u00fcstan\u0131n h\u0259bsd\u0259 olan sabiq Ba\u015f naziri \u0130rakli Qariba\u015fvili h\u00fcquq m\u00fcdafi\u0259\u00e7isi Lazare Corbenadzenin \u00f6l\u00fcm\u00fc il\u0259 ba\u011fl\u0131 apar\u0131lan istintaqa c\u0259lb edilib. M\u0259lumata g\u00f6r\u0259, G\u00fcrc\u00fcstan Ba\u015f Prokurorlu\u011fu v\u0259 Daxili&hellip; <\/p>\n","protected":false},"author":537,"featured_media":84903,"comment_status":"closed","ping_status":"closed","sticky":false,"template":"","format":"standard","meta":{"footnotes":""},"categories":[128],"tags":[],"class_list":["post-84897","post","type-post","status-publish","format-standard","has-post-thumbnail","hentry","category-avropa"],"_links":{"self":[{"href":"https:\/\/odlar.media\/index.php?rest_route=\/wp\/v2\/posts\/84897","targetHints":{"allow":["GET"]}}],"collection":[{"href":"https:\/\/odlar.media\/index.php?rest_route=\/wp\/v2\/posts"}],"about":[{"href":"https:\/\/odlar.media\/index.php?rest_route=\/wp\/v2\/types\/post"}],"author":[{"embeddable":true,"href":"https:\/\/odlar.media\/index.php?rest_route=\/wp\/v2\/users\/537"}],"replies":[{"embeddable":true,"href":"https:\/\/odlar.media\/index.php?rest_route=%2Fwp%2Fv2%2Fcomments&post=84897"}],"version-history":[{"count":2,"href":"https:\/\/odlar.media\/index.php?rest_route=\/wp\/v2\/posts\/84897\/revisions"}],"predecessor-version":[{"id":84905,"href":"https:\/\/odlar.media\/index.php?rest_route=\/wp\/v2\/posts\/84897\/revisions\/84905"}],"wp:featuredmedia":[{"embeddable":true,"href":"https:\/\/odlar.media\/index.php?rest_route=\/wp\/v2\/media\/84903"}],"wp:attachment":[{"href":"https:\/\/odlar.media\/index.php?rest_route=%2Fwp%2Fv2%2Fmedia&parent=84897"}],"wp:term":[{"taxonomy":"category","embeddable":true,"href":"https:\/\/odlar.media\/index.php?rest_route=%2Fwp%2Fv2%2Fcategories&post=84897"},{"taxonomy":"post_tag","embeddable":true,"href":"https:\/\/odlar.media\/index.php?rest_route=%2Fwp%2Fv2%2Ftags&post=84897"}],"curies":[{"name":"wp","href":"https:\/\/api.w.org\/{rel}","templated":true}]}}