{"id":84887,"date":"2026-09-03T16:51:14","date_gmt":"2026-09-03T12:51:14","guid":{"rendered":"https:\/\/odlar.media\/?p=84887"},"modified":"2026-09-03T16:51:14","modified_gmt":"2026-09-03T12:51:14","slug":"ukrayna-xin-r%c9%99hb%c9%99ri-yaxin-gunl%c9%99rd%c9%99-rusiya-il%c9%99-sulh-danisiqlarinda-ciddi-ir%c9%99lil%c9%99yis-olacaq","status":"publish","type":"post","link":"https:\/\/odlar.media\/?p=84887","title":{"rendered":"Ukrayna X\u0130N r\u0259hb\u0259ri: Yax\u0131n g\u00fcnl\u0259rd\u0259 Rusiya il\u0259 s\u00fclh dan\u0131\u015f\u0131qlar\u0131nda ciddi ir\u0259lil\u0259yi\u015f olacaq"},"content":{"rendered":"<p><strong>Odlar.media<\/strong> x\u0259b\u0259r verir ki, Ukraynan\u0131n xarici i\u015fl\u0259r naziri Andrey Sibiqa Rusiya il\u0259 Ukrayna aras\u0131nda apar\u0131lan s\u00fclh dan\u0131\u015f\u0131qlar\u0131nda yax\u0131n g\u00fcnl\u0259rd\u0259 \u0259h\u0259miyy\u0259tli ir\u0259lil\u0259yi\u015fin ba\u015f ver\u0259c\u0259yini a\u00e7\u0131qlay\u0131b.<br \/>\nSibiqa bu bar\u0259d\u0259 Kiyevd\u0259 Hindistan\u0131n xarici i\u015fl\u0259r naziri Subramanyam Cay\u015fankarla birg\u0259 ke\u00e7irdiyi m\u0259tbuat konfrans\u0131nda dan\u0131\u015f\u0131b.<br \/>\nUkraynal\u0131 nazir qar\u015f\u0131dak\u0131 prosesl\u0259 ba\u011fl\u0131 konkret detallar\u0131 a\u00e7\u0131qlamaqdan imtina edib. O, yax\u0131n g\u00fcnl\u0259rd\u0259 s\u00fclh dan\u0131\u015f\u0131qlar\u0131 il\u0259 ba\u011fl\u0131 m\u00fch\u00fcm x\u0259b\u0259rl\u0259rin olaca\u011f\u0131na i\u015far\u0259 edib.<br \/>\n\u201cHaz\u0131rda he\u00e7 bir detal a\u00e7\u0131qlamayaca\u011fam. Lakin x\u0259b\u0259rl\u0259ri izl\u0259m\u0259y\u0259 davam edin. Yax\u0131n g\u00fcnl\u0259rd\u0259 s\u00fclh dan\u0131\u015f\u0131qlar\u0131nda \u0259h\u0259miyy\u0259tli ir\u0259lil\u0259yi\u015f g\u00f6r\u0259c\u0259ksiniz\u201d, \u2013 dey\u0259 Sibiqa bildirib.<br \/>\nQeyd ed\u0259k ki, son g\u00fcnl\u0259r Rusiya-Ukrayna m\u00fcharib\u0259sinin dayand\u0131r\u0131lmas\u0131 istiqam\u0259tind\u0259 diplomatik t\u0259maslar\u0131n intensivl\u0259\u015fdiyi bar\u0259d\u0259 a\u00e7\u0131qlamalar s\u0259sl\u0259nir. Rusiya Prezidenti Vladimir Putin d\u0259 sentyabr\u0131n 2-d\u0259 \u00f6lk\u0259sinin s\u00fclh dan\u0131\u015f\u0131qlar\u0131na haz\u0131r oldu\u011funu bildirib.<\/p>\n<p><strong>Odlar.media<\/strong><\/p>\n","protected":false},"excerpt":{"rendered":"<p>Odlar.media x\u0259b\u0259r verir ki, Ukraynan\u0131n xarici i\u015fl\u0259r naziri Andrey Sibiqa Rusiya il\u0259 Ukrayna aras\u0131nda apar\u0131lan s\u00fclh dan\u0131\u015f\u0131qlar\u0131nda yax\u0131n g\u00fcnl\u0259rd\u0259 \u0259h\u0259miyy\u0259tli ir\u0259lil\u0259yi\u015fin ba\u015f ver\u0259c\u0259yini a\u00e7\u0131qlay\u0131b. Sibiqa bu bar\u0259d\u0259 Kiyevd\u0259 Hindistan\u0131n xarici&hellip; <\/p>\n","protected":false},"author":537,"featured_media":84888,"comment_status":"closed","ping_status":"closed","sticky":false,"template":"","format":"standard","meta":{"footnotes":""},"categories":[55],"tags":[],"class_list":["post-84887","post","type-post","status-publish","format-standard","has-post-thumbnail","hentry","category-dunya"],"_links":{"self":[{"href":"https:\/\/odlar.media\/index.php?rest_route=\/wp\/v2\/posts\/84887","targetHints":{"allow":["GET"]}}],"collection":[{"href":"https:\/\/odlar.media\/index.php?rest_route=\/wp\/v2\/posts"}],"about":[{"href":"https:\/\/odlar.media\/index.php?rest_route=\/wp\/v2\/types\/post"}],"author":[{"embeddable":true,"href":"https:\/\/odlar.media\/index.php?rest_route=\/wp\/v2\/users\/537"}],"replies":[{"embeddable":true,"href":"https:\/\/odlar.media\/index.php?rest_route=%2Fwp%2Fv2%2Fcomments&post=84887"}],"version-history":[{"count":2,"href":"https:\/\/odlar.media\/index.php?rest_route=\/wp\/v2\/posts\/84887\/revisions"}],"predecessor-version":[{"id":84890,"href":"https:\/\/odlar.media\/index.php?rest_route=\/wp\/v2\/posts\/84887\/revisions\/84890"}],"wp:featuredmedia":[{"embeddable":true,"href":"https:\/\/odlar.media\/index.php?rest_route=\/wp\/v2\/media\/84888"}],"wp:attachment":[{"href":"https:\/\/odlar.media\/index.php?rest_route=%2Fwp%2Fv2%2Fmedia&parent=84887"}],"wp:term":[{"taxonomy":"category","embeddable":true,"href":"https:\/\/odlar.media\/index.php?rest_route=%2Fwp%2Fv2%2Fcategories&post=84887"},{"taxonomy":"post_tag","embeddable":true,"href":"https:\/\/odlar.media\/index.php?rest_route=%2Fwp%2Fv2%2Ftags&post=84887"}],"curies":[{"name":"wp","href":"https:\/\/api.w.org\/{rel}","templated":true}]}}