{"id":84871,"date":"2026-09-03T16:43:00","date_gmt":"2026-09-03T12:43:00","guid":{"rendered":"https:\/\/odlar.media\/?p=84871"},"modified":"2026-09-03T16:43:00","modified_gmt":"2026-09-03T12:43:00","slug":"polsa-prokurorlugu-prezidenti-dindirm%c9%99k-ist%c9%99yir","status":"publish","type":"post","link":"https:\/\/odlar.media\/?p=84871","title":{"rendered":"Pol\u015fa Prokurorlu\u011fu Prezidenti dindirm\u0259k ist\u0259yir"},"content":{"rendered":"<p><strong>Odlar.media<\/strong> x\u0259b\u0259r verir ki, Pol\u015fan\u0131n Ba\u015f Prokurorlu\u011fu \u00f6lk\u0259 Prezidenti Karol Navrotskinin Konstitusiya M\u0259hk\u0259m\u0259sinin d\u00f6rd hakiminin q\u0259rar q\u0259bul etm\u0259sin\u0259 mane olunmas\u0131 il\u0259 ba\u011fl\u0131 ara\u015fd\u0131rma \u00e7\u0259r\u00e7iv\u0259sind\u0259 \u015fahid qismind\u0259 dindirilm\u0259sini planla\u015fd\u0131r\u0131r.<br \/>\nProkuror prezidentd\u0259n dindirm\u0259nin ke\u00e7irilm\u0259si \u00fc\u00e7\u00fcn onun \u00fc\u00e7\u00fcn uy\u011fun olan tarix v\u0259 m\u0259kan\u0131 bildirm\u0259sini ist\u0259yib.<br \/>\nAra\u015fd\u0131rma aprelin 21-d\u0259 Konstitusiya M\u0259hk\u0259m\u0259sinin iki hakiminin m\u00fcraci\u0259ti \u0259sas\u0131nda ba\u015flan\u0131b. \u0130stintaq \u00e7\u0259r\u00e7iv\u0259sind\u0259 d\u00f6rd hakimin m\u0259hk\u0259m\u0259d\u0259 f\u0259aliyy\u0259t g\u00f6st\u0259rm\u0259sin\u0259 imkan verilm\u0259m\u0259si il\u0259 ba\u011fl\u0131 hallar ara\u015fd\u0131r\u0131l\u0131r.<br \/>\nProkurorlu\u011fun m\u0259lumat\u0131na g\u00f6r\u0259, indiy\u0259d\u0259k i\u015f \u00fczr\u0259 40-dan \u00e7ox \u015fahid dindirilib. Onlar\u0131n aras\u0131nda Prezident Administrasiyas\u0131n\u0131n v\u0259 Konstitusiya M\u0259hk\u0259m\u0259sinin \u0259m\u0259kda\u015flar\u0131 da var. Bundan \u0259lav\u0259, ara\u015fd\u0131rma \u00fc\u00e7\u00fcn \u0259h\u0259miyy\u0259t k\u0259sb ed\u0259n s\u0259n\u0259dl\u0259r g\u00f6t\u00fcr\u00fcl\u00fcb.<br \/>\nProkurorluq hesab edir ki, Navrotskinin \u015fahid qismind\u0259 dindirilm\u0259si hadis\u0259nin b\u00fct\u00fcn hallar\u0131n\u0131n m\u00fc\u0259yy\u0259nl\u0259\u015fdirilm\u0259si v\u0259 h\u00fcquqi qiym\u0259tl\u0259ndirilm\u0259si bax\u0131m\u0131ndan z\u0259ruridir.<br \/>\nBel\u0259likl\u0259, Pol\u015fada prezident, h\u00f6kum\u0259t v\u0259 m\u0259hk\u0259m\u0259 sistemi aras\u0131nda son aylarda davam ed\u0259n h\u00fcquqi-siyasi qar\u015f\u0131durma yeni m\u0259rh\u0259l\u0259y\u0259 q\u0259d\u0259m qoyub.<br \/>\nNavrotskinin n\u0259 vaxt v\u0259 harada dindiril\u0259c\u0259yi h\u0259l\u0259lik m\u0259lum deyil.<\/p>\n<p><strong>Odlar.media<\/strong><\/p>\n","protected":false},"excerpt":{"rendered":"<p>Odlar.media x\u0259b\u0259r verir ki, Pol\u015fan\u0131n Ba\u015f Prokurorlu\u011fu \u00f6lk\u0259 Prezidenti Karol Navrotskinin Konstitusiya M\u0259hk\u0259m\u0259sinin d\u00f6rd hakiminin q\u0259rar q\u0259bul etm\u0259sin\u0259 mane olunmas\u0131 il\u0259 ba\u011fl\u0131 ara\u015fd\u0131rma \u00e7\u0259r\u00e7iv\u0259sind\u0259 \u015fahid qismind\u0259 dindirilm\u0259sini planla\u015fd\u0131r\u0131r. Prokuror prezidentd\u0259n&hellip; <\/p>\n","protected":false},"author":537,"featured_media":84876,"comment_status":"closed","ping_status":"closed","sticky":false,"template":"","format":"standard","meta":{"footnotes":""},"categories":[55],"tags":[],"class_list":["post-84871","post","type-post","status-publish","format-standard","has-post-thumbnail","hentry","category-dunya"],"_links":{"self":[{"href":"https:\/\/odlar.media\/index.php?rest_route=\/wp\/v2\/posts\/84871","targetHints":{"allow":["GET"]}}],"collection":[{"href":"https:\/\/odlar.media\/index.php?rest_route=\/wp\/v2\/posts"}],"about":[{"href":"https:\/\/odlar.media\/index.php?rest_route=\/wp\/v2\/types\/post"}],"author":[{"embeddable":true,"href":"https:\/\/odlar.media\/index.php?rest_route=\/wp\/v2\/users\/537"}],"replies":[{"embeddable":true,"href":"https:\/\/odlar.media\/index.php?rest_route=%2Fwp%2Fv2%2Fcomments&post=84871"}],"version-history":[{"count":2,"href":"https:\/\/odlar.media\/index.php?rest_route=\/wp\/v2\/posts\/84871\/revisions"}],"predecessor-version":[{"id":84878,"href":"https:\/\/odlar.media\/index.php?rest_route=\/wp\/v2\/posts\/84871\/revisions\/84878"}],"wp:featuredmedia":[{"embeddable":true,"href":"https:\/\/odlar.media\/index.php?rest_route=\/wp\/v2\/media\/84876"}],"wp:attachment":[{"href":"https:\/\/odlar.media\/index.php?rest_route=%2Fwp%2Fv2%2Fmedia&parent=84871"}],"wp:term":[{"taxonomy":"category","embeddable":true,"href":"https:\/\/odlar.media\/index.php?rest_route=%2Fwp%2Fv2%2Fcategories&post=84871"},{"taxonomy":"post_tag","embeddable":true,"href":"https:\/\/odlar.media\/index.php?rest_route=%2Fwp%2Fv2%2Ftags&post=84871"}],"curies":[{"name":"wp","href":"https:\/\/api.w.org\/{rel}","templated":true}]}}