{"id":84862,"date":"2026-09-03T14:21:08","date_gmt":"2026-09-03T10:21:08","guid":{"rendered":"https:\/\/odlar.media\/?p=84862"},"modified":"2026-09-03T14:21:08","modified_gmt":"2026-09-03T10:21:08","slug":"turkiy%c9%99d%c9%99n-sengen-vizasina-12-milyondan-cox-muraci%c9%99t-edilib-146-faizi-r%c9%99dd-olunub","status":"publish","type":"post","link":"https:\/\/odlar.media\/?p=84862","title":{"rendered":"T\u00fcrkiy\u0259d\u0259n \u015eengen vizas\u0131na 1,2 milyondan \u00e7ox m\u00fcraci\u0259t edilib \u2013 14,6 faizi r\u0259dd olunub"},"content":{"rendered":"<p><strong>Odlar.media<\/strong> x\u0259b\u0259r verir ki, 2025-ci ild\u0259 T\u00fcrkiy\u0259d\u0259n \u015eengen vizas\u0131 \u00fc\u00e7\u00fcn t\u0259xmin\u0259n 1,25 milyon m\u00fcraci\u0259t daxil olub v\u0259 m\u00fcraci\u0259tl\u0259rin 14,6 faizi r\u0259dd edilib.<br \/>\nAvropa Komissiyas\u0131n\u0131n m\u0259lumat\u0131na g\u00f6r\u0259, T\u00fcrkiy\u0259 bu g\u00f6st\u0259rici il\u0259 \u00c7ind\u0259n sonra d\u00fcnyada \u015eengen vizas\u0131 \u00fc\u00e7\u00fcn \u0259n \u00e7ox m\u00fcraci\u0259t ed\u0259n ikinci \u00f6lk\u0259 olub.<br \/>\nT\u00fcrkiy\u0259d\u0259n \u0259n \u00e7ox m\u00fcraci\u0259t Yunan\u0131stana edilib. \u00d6lk\u0259y\u0259 t\u0259xmin\u0259n 311 min m\u00fcraci\u0259t daxil olub v\u0259 onlar\u0131n 38,5 faizi r\u0259dd edilib. Almaniyaya is\u0259 218 min m\u00fcraci\u0259t olunub v\u0259 m\u00fcraci\u0259tl\u0259rin 27 faizi m\u0259nfi cavabland\u0131r\u0131l\u0131b.<br \/>\nM\u00fct\u0259x\u0259ssisl\u0259r bildirirl\u0259r ki, \u015eengen vizas\u0131 \u00fc\u00e7\u00fcn m\u00fcraci\u0259t s\u0259f\u0259rin \u0259sas t\u0259yinat \u00f6lk\u0259sinin konsullu\u011funa t\u0259qdim edilm\u0259lidir. Ba\u015fqa s\u00f6zl\u0259, vizan\u0131 daha asan \u0259ld\u0259 etm\u0259k m\u0259qs\u0259dil\u0259 s\u0259f\u0259r plan\u0131nda \u0259sas olmayan \u00f6lk\u0259y\u0259 m\u00fcraci\u0259t etm\u0259k d\u00fczg\u00fcn hesab olunmur.<br \/>\nAvropa Komissiyas\u0131n\u0131n m\u0259lumat\u0131na \u0259sas\u0259n, T\u00fcrkiy\u0259d\u0259n \u015eengen vizas\u0131 m\u00fcraci\u0259tl\u0259rinin say\u0131 son ill\u0259rd\u0259 y\u00fcks\u0259k olaraq qal\u0131r.<\/p>\n<p><strong>Odlar.media<\/strong><\/p>\n","protected":false},"excerpt":{"rendered":"<p>Odlar.media x\u0259b\u0259r verir ki, 2025-ci ild\u0259 T\u00fcrkiy\u0259d\u0259n \u015eengen vizas\u0131 \u00fc\u00e7\u00fcn t\u0259xmin\u0259n 1,25 milyon m\u00fcraci\u0259t daxil olub v\u0259 m\u00fcraci\u0259tl\u0259rin 14,6 faizi r\u0259dd edilib. Avropa Komissiyas\u0131n\u0131n m\u0259lumat\u0131na g\u00f6r\u0259, T\u00fcrkiy\u0259 bu g\u00f6st\u0259rici il\u0259&hellip; <\/p>\n","protected":false},"author":537,"featured_media":84863,"comment_status":"closed","ping_status":"closed","sticky":false,"template":"","format":"standard","meta":{"footnotes":""},"categories":[128],"tags":[],"class_list":["post-84862","post","type-post","status-publish","format-standard","has-post-thumbnail","hentry","category-avropa"],"_links":{"self":[{"href":"https:\/\/odlar.media\/index.php?rest_route=\/wp\/v2\/posts\/84862","targetHints":{"allow":["GET"]}}],"collection":[{"href":"https:\/\/odlar.media\/index.php?rest_route=\/wp\/v2\/posts"}],"about":[{"href":"https:\/\/odlar.media\/index.php?rest_route=\/wp\/v2\/types\/post"}],"author":[{"embeddable":true,"href":"https:\/\/odlar.media\/index.php?rest_route=\/wp\/v2\/users\/537"}],"replies":[{"embeddable":true,"href":"https:\/\/odlar.media\/index.php?rest_route=%2Fwp%2Fv2%2Fcomments&post=84862"}],"version-history":[{"count":2,"href":"https:\/\/odlar.media\/index.php?rest_route=\/wp\/v2\/posts\/84862\/revisions"}],"predecessor-version":[{"id":84865,"href":"https:\/\/odlar.media\/index.php?rest_route=\/wp\/v2\/posts\/84862\/revisions\/84865"}],"wp:featuredmedia":[{"embeddable":true,"href":"https:\/\/odlar.media\/index.php?rest_route=\/wp\/v2\/media\/84863"}],"wp:attachment":[{"href":"https:\/\/odlar.media\/index.php?rest_route=%2Fwp%2Fv2%2Fmedia&parent=84862"}],"wp:term":[{"taxonomy":"category","embeddable":true,"href":"https:\/\/odlar.media\/index.php?rest_route=%2Fwp%2Fv2%2Fcategories&post=84862"},{"taxonomy":"post_tag","embeddable":true,"href":"https:\/\/odlar.media\/index.php?rest_route=%2Fwp%2Fv2%2Ftags&post=84862"}],"curies":[{"name":"wp","href":"https:\/\/api.w.org\/{rel}","templated":true}]}}