{"id":84858,"date":"2026-09-03T14:04:50","date_gmt":"2026-09-03T10:04:50","guid":{"rendered":"https:\/\/odlar.media\/?p=84858"},"modified":"2026-09-03T14:04:50","modified_gmt":"2026-09-03T10:04:50","slug":"qobustanda-3-kiloqram-narkotik-askarlanib-iki-n%c9%99f%c9%99r-saxlanilib","status":"publish","type":"post","link":"https:\/\/odlar.media\/?p=84858","title":{"rendered":"Qobustanda 3 kiloqram narkotik a\u015fkarlan\u0131b \u2013 iki n\u0259f\u0259r saxlan\u0131l\u0131b"},"content":{"rendered":"<p><strong>Odlar.media<\/strong> x\u0259b\u0259r verir ki, Qobustan Rayon Polis \u015e\u00f6b\u0259sinin \u0259m\u0259kda\u015flar\u0131n\u0131n ke\u00e7irdiyi \u0259m\u0259liyyat t\u0259dbiri n\u0259tic\u0259sind\u0259 narkotik vasit\u0259l\u0259rin qanunsuz d\u00f6vriyy\u0259sind\u0259 \u015f\u00fcbh\u0259li bilin\u0259n iki n\u0259f\u0259r saxlan\u0131l\u0131b.<br \/>\nDaxili \u0130\u015fl\u0259r Nazirliyinin m\u0259lumat\u0131na g\u00f6r\u0259, \u0259vv\u0259ll\u0259r m\u0259hkum olunmu\u015f 37 ya\u015fl\u0131 Xaqani \u0130bi\u015fov v\u0259 27 ya\u015fl\u0131 R\u0259\u015fad Quliyev tutulub. Onlardan \u00fcmumilikd\u0259 3 kiloqram narkotik vasit\u0259 a\u015fkarlanaraq g\u00f6t\u00fcr\u00fcl\u00fcb.<br \/>\nAra\u015fd\u0131rma zaman\u0131 saxlan\u0131lan \u015f\u0259xsl\u0259rin narkotik vasit\u0259l\u0259ri sat\u0131\u015f m\u0259qs\u0259dil\u0259 \u0130ran v\u0259t\u0259nda\u015f\u0131ndan \u0259ld\u0259 etdikl\u0259ri m\u00fc\u0259yy\u0259nl\u0259\u015fdirilib.<br \/>\nFaktla ba\u011fl\u0131 cinay\u0259t i\u015fi ba\u015flan\u0131l\u0131b. M\u0259hk\u0259m\u0259nin q\u0259rar\u0131 il\u0259 h\u0259r iki \u015f\u0259xs bar\u0259sind\u0259 h\u0259bs q\u0259timkan t\u0259dbiri se\u00e7ilib.<\/p>\n<p><strong>Odlar.media<\/strong><\/p>\n","protected":false},"excerpt":{"rendered":"<p>Odlar.media x\u0259b\u0259r verir ki, Qobustan Rayon Polis \u015e\u00f6b\u0259sinin \u0259m\u0259kda\u015flar\u0131n\u0131n ke\u00e7irdiyi \u0259m\u0259liyyat t\u0259dbiri n\u0259tic\u0259sind\u0259 narkotik vasit\u0259l\u0259rin qanunsuz d\u00f6vriyy\u0259sind\u0259 \u015f\u00fcbh\u0259li bilin\u0259n iki n\u0259f\u0259r saxlan\u0131l\u0131b. Daxili \u0130\u015fl\u0259r Nazirliyinin m\u0259lumat\u0131na g\u00f6r\u0259, \u0259vv\u0259ll\u0259r m\u0259hkum olunmu\u015f&hellip; <\/p>\n","protected":false},"author":537,"featured_media":84859,"comment_status":"closed","ping_status":"closed","sticky":false,"template":"","format":"standard","meta":{"footnotes":""},"categories":[62],"tags":[],"class_list":["post-84858","post","type-post","status-publish","format-standard","has-post-thumbnail","hentry","category-hadis"],"_links":{"self":[{"href":"https:\/\/odlar.media\/index.php?rest_route=\/wp\/v2\/posts\/84858","targetHints":{"allow":["GET"]}}],"collection":[{"href":"https:\/\/odlar.media\/index.php?rest_route=\/wp\/v2\/posts"}],"about":[{"href":"https:\/\/odlar.media\/index.php?rest_route=\/wp\/v2\/types\/post"}],"author":[{"embeddable":true,"href":"https:\/\/odlar.media\/index.php?rest_route=\/wp\/v2\/users\/537"}],"replies":[{"embeddable":true,"href":"https:\/\/odlar.media\/index.php?rest_route=%2Fwp%2Fv2%2Fcomments&post=84858"}],"version-history":[{"count":2,"href":"https:\/\/odlar.media\/index.php?rest_route=\/wp\/v2\/posts\/84858\/revisions"}],"predecessor-version":[{"id":84861,"href":"https:\/\/odlar.media\/index.php?rest_route=\/wp\/v2\/posts\/84858\/revisions\/84861"}],"wp:featuredmedia":[{"embeddable":true,"href":"https:\/\/odlar.media\/index.php?rest_route=\/wp\/v2\/media\/84859"}],"wp:attachment":[{"href":"https:\/\/odlar.media\/index.php?rest_route=%2Fwp%2Fv2%2Fmedia&parent=84858"}],"wp:term":[{"taxonomy":"category","embeddable":true,"href":"https:\/\/odlar.media\/index.php?rest_route=%2Fwp%2Fv2%2Fcategories&post=84858"},{"taxonomy":"post_tag","embeddable":true,"href":"https:\/\/odlar.media\/index.php?rest_route=%2Fwp%2Fv2%2Ftags&post=84858"}],"curies":[{"name":"wp","href":"https:\/\/api.w.org\/{rel}","templated":true}]}}