{"id":84854,"date":"2026-09-03T13:58:13","date_gmt":"2026-09-03T09:58:13","guid":{"rendered":"https:\/\/odlar.media\/?p=84854"},"modified":"2026-09-03T13:58:13","modified_gmt":"2026-09-03T09:58:13","slug":"pasinyan-rusiya-gumrud%c9%99ki-h%c9%99rbi-bazani-cixarsa-etiraz-etm%c9%99y%c9%99c%c9%99yik","status":"publish","type":"post","link":"https:\/\/odlar.media\/?p=84854","title":{"rendered":"Pa\u015finyan: Rusiya G\u00fcmr\u00fcd\u0259ki h\u0259rbi bazan\u0131 \u00e7\u0131xarsa, etiraz etm\u0259y\u0259c\u0259yik"},"content":{"rendered":"<p><strong>Odlar.media<\/strong> x\u0259b\u0259r verir ki, Erm\u0259nistan\u0131n Ba\u015f naziri Nikol Pa\u015finyan Rusiyan\u0131n G\u00fcmr\u00fcd\u0259 yerl\u0259\u015f\u0259n 102-ci h\u0259rbi bazas\u0131n\u0131n \u00f6lk\u0259d\u0259 m\u00f6vcudlu\u011funun \u0130r\u0259van \u00fc\u00e7\u00fcn h\u0259yati z\u0259rur\u0259t olmad\u0131\u011f\u0131n\u0131 a\u00e7\u0131qlay\u0131b.<br \/>\nPa\u015finyan bildirib ki, Erm\u0259nistan t\u0259r\u0259fi bu m\u0259s\u0259l\u0259ni indiy\u0259d\u0259k Rusiya il\u0259 m\u00fczakir\u0259y\u0259 \u00e7\u0131xarmay\u0131b. Onun s\u00f6zl\u0259rin\u0259 g\u00f6r\u0259, Rusiyan\u0131n bazan\u0131 Erm\u0259nistandan \u00e7\u0131xarmaq q\u0259rar\u0131 ver\u0259c\u0259yi t\u0259qdird\u0259 \u0130r\u0259van buna etiraz etm\u0259y\u0259c\u0259k.<br \/>\n\u201c\u018fg\u0259r Rusiya h\u0259rbi bazan\u0131 Erm\u0259nistandan \u00e7\u0131xarmaq q\u0259rar\u0131na g\u0259ls\u0259, biz etiraz etm\u0259y\u0259c\u0259yik. \u018fg\u0259r onu saxlamaq q\u0259rar\u0131na g\u0259ls\u0259, biz bunu da m\u00fczakir\u0259 etm\u0259y\u0259 haz\u0131r\u0131q. Lakin bu m\u00fcdd\u0259t \u0259rzind\u0259 biz he\u00e7 vaxt 102-ci h\u0259rbi baza m\u0259s\u0259l\u0259sini g\u00fcnd\u0259m\u0259 g\u0259tirm\u0259mi\u015fik\u201d, \u2013 Pa\u015finyan deyib.<br \/>\nQeyd ed\u0259k ki, bundan \u0259vv\u0259l Rusiya Prezidenti Vladimir Putin Erm\u0259nistan\u0131n G\u00fcmr\u00fcd\u0259ki Rusiya h\u0259rbi bazas\u0131na ehtiyac duymad\u0131\u011f\u0131n\u0131 bildirm\u0259si hal\u0131nda Moskvan\u0131n bazan\u0131 \u00f6lk\u0259d\u0259n \u00e7\u0131xarma\u011fa haz\u0131r oldu\u011funu a\u00e7\u0131qlam\u0131\u015fd\u0131.<\/p>\n<p><strong>Odlar.media<\/strong><\/p>\n","protected":false},"excerpt":{"rendered":"<p>Odlar.media x\u0259b\u0259r verir ki, Erm\u0259nistan\u0131n Ba\u015f naziri Nikol Pa\u015finyan Rusiyan\u0131n G\u00fcmr\u00fcd\u0259 yerl\u0259\u015f\u0259n 102-ci h\u0259rbi bazas\u0131n\u0131n \u00f6lk\u0259d\u0259 m\u00f6vcudlu\u011funun \u0130r\u0259van \u00fc\u00e7\u00fcn h\u0259yati z\u0259rur\u0259t olmad\u0131\u011f\u0131n\u0131 a\u00e7\u0131qlay\u0131b. Pa\u015finyan bildirib ki, Erm\u0259nistan t\u0259r\u0259fi bu m\u0259s\u0259l\u0259ni&hellip; <\/p>\n","protected":false},"author":537,"featured_media":84855,"comment_status":"closed","ping_status":"closed","sticky":false,"template":"","format":"standard","meta":{"footnotes":""},"categories":[75],"tags":[],"class_list":["post-84854","post","type-post","status-publish","format-standard","has-post-thumbnail","hentry","category-xbrlr"],"_links":{"self":[{"href":"https:\/\/odlar.media\/index.php?rest_route=\/wp\/v2\/posts\/84854","targetHints":{"allow":["GET"]}}],"collection":[{"href":"https:\/\/odlar.media\/index.php?rest_route=\/wp\/v2\/posts"}],"about":[{"href":"https:\/\/odlar.media\/index.php?rest_route=\/wp\/v2\/types\/post"}],"author":[{"embeddable":true,"href":"https:\/\/odlar.media\/index.php?rest_route=\/wp\/v2\/users\/537"}],"replies":[{"embeddable":true,"href":"https:\/\/odlar.media\/index.php?rest_route=%2Fwp%2Fv2%2Fcomments&post=84854"}],"version-history":[{"count":2,"href":"https:\/\/odlar.media\/index.php?rest_route=\/wp\/v2\/posts\/84854\/revisions"}],"predecessor-version":[{"id":84857,"href":"https:\/\/odlar.media\/index.php?rest_route=\/wp\/v2\/posts\/84854\/revisions\/84857"}],"wp:featuredmedia":[{"embeddable":true,"href":"https:\/\/odlar.media\/index.php?rest_route=\/wp\/v2\/media\/84855"}],"wp:attachment":[{"href":"https:\/\/odlar.media\/index.php?rest_route=%2Fwp%2Fv2%2Fmedia&parent=84854"}],"wp:term":[{"taxonomy":"category","embeddable":true,"href":"https:\/\/odlar.media\/index.php?rest_route=%2Fwp%2Fv2%2Fcategories&post=84854"},{"taxonomy":"post_tag","embeddable":true,"href":"https:\/\/odlar.media\/index.php?rest_route=%2Fwp%2Fv2%2Ftags&post=84854"}],"curies":[{"name":"wp","href":"https:\/\/api.w.org\/{rel}","templated":true}]}}