{"id":84847,"date":"2026-09-03T13:05:17","date_gmt":"2026-09-03T09:05:17","guid":{"rendered":"https:\/\/odlar.media\/?p=84847"},"modified":"2026-09-03T13:05:17","modified_gmt":"2026-09-03T09:05:17","slug":"yen%c9%99-o-bag-olmadi-zuleyxa-haciyevanin-%c9%99b%c9%99di-efir%c9%99-cevril%c9%99n-s%c9%99si","status":"publish","type":"post","link":"https:\/\/odlar.media\/?p=84847","title":{"rendered":"\u201cYen\u0259 o ba\u011f olmad\u0131&#8230;\u201d \u2014 Z\u00fcleyxa Hac\u0131yevan\u0131n \u0259b\u0259di efir\u0259 \u00e7evril\u0259n s\u0259si"},"content":{"rendered":"<p>&nbsp;<\/p>\n<p>Az\u0259rbaycan Radiosunun ilk v\u0259 unudulmaz diktorlar\u0131ndan, \u018fm\u0259kdar artist Z\u00fcleyxa Hac\u0131yevan\u0131n v\u0259fat x\u0259b\u0259rini e\u015fitdim&#8230; \u0130st\u0259r-ist\u0259m\u0259z \u00fc\u00e7 il \u0259vv\u0259l \u00e7\u0259kdiyimiz g\u00f6r\u00fcnt\u00fcl\u0259r, h\u0259min g\u00fcn ya\u015fananlar, onun s\u0259si, bax\u0131\u015flar\u0131 v\u0259 k\u00f6vr\u0259k xatir\u0259l\u0259ri yad\u0131ma d\u00fc\u015fd\u00fc&#8230;<br \/>\n2023-c\u00fc ild\u0259 \u201cYen\u0259 efird\u0259s\u0259n\u201d verili\u015fi \u00fc\u00e7\u00fcn Z\u00fcleyxa xan\u0131mla g\u00f6r\u00fc\u015fm\u00fc\u015fd\u00fck. Verili\u015fimiz ad\u0259t\u0259n d\u00fcnyas\u0131n\u0131 d\u0259yi\u015fmi\u015f s\u0259n\u0259t v\u0259 efir adamlar\u0131n\u0131n xatir\u0259sin\u0259 h\u0259sr olunsa da, h\u0259min vaxt q\u0259rara g\u0259lmi\u015fdik ki, h\u0259l\u0259 aram\u0131zda olan, lakin art\u0131q efird\u0259n uzaqla\u015fm\u0131\u015f b\u00f6y\u00fck simalar\u0131m\u0131z\u0131 da yenid\u0259n tama\u015fa\u00e7\u0131ya qaytaraq. Z\u00fcleyxa xan\u0131m da h\u0259min b\u00f6y\u00fck simalardan biri idi.<br \/>\nO g\u00fcn Z\u00fcleyxa xan\u0131m art\u0131q y\u00fcz ya\u015f\u0131n\u0131 ke\u00e7mi\u015fdi. Ya\u015f\u0131n\u0131n a\u011f\u0131rl\u0131\u011f\u0131, ill\u0259rin yor\u011funlu\u011fu hiss olunurdu. Yor\u011fun olsa da, yadda\u015f\u0131, efir\u0259 olan m\u00fcnasib\u0259ti, ke\u00e7mi\u015f\u0259 ba\u011fl\u0131l\u0131\u011f\u0131 v\u0259 dan\u0131\u015fd\u0131\u011f\u0131 xatir\u0259l\u0259r insan\u0131 heyran edirdi. \u0130lk d\u0259f\u0259 efir\u0259 \u00e7\u0131xmas\u0131n\u0131 xat\u0131rlad\u0131 v\u0259 k\u00f6vr\u0259k s\u0259sl\u0259 dedi:<br \/>\n\u201cYen\u0259 o ba\u011f olayd\u0131&#8230;\u201d<br \/>\nBu s\u00f6zl\u0259r o g\u00fcn sad\u0259c\u0259 bir xatir\u0259 kimi s\u0259sl\u0259nmi\u015fdi. Amma aradan \u00fc\u00e7 il ke\u00e7ib&#8230; \u0130ndi h\u0259min s\u00f6zl\u0259r tamam ba\u015fqa m\u0259na da\u015f\u0131y\u0131r.<br \/>\nH\u0259min \u00e7\u0259kili\u015f is\u0259 h\u0259l\u0259 d\u0259 efir \u00fcz\u00fc g\u00f6rm\u0259yib. El\u0259 \u201cYen\u0259 efird\u0259s\u0259n\u201din \u00f6z\u00fc d\u0259 yar\u0131m\u00e7\u0131q qalan xatir\u0259l\u0259r s\u0131ras\u0131nda qald\u0131&#8230;<br \/>\n\u201cYen\u0259 o ba\u011f olayd\u0131&#8230;\u201d<br \/>\nBu g\u00fcn o s\u00f6zl\u0259r daha f\u0259rqli s\u0259sl\u0259nir. Amma yen\u0259 o ba\u011f olmad\u0131&#8230;<br \/>\nAz\u0259rbaycan Radiosunun ilk diktorlar\u0131ndan, bir \u0259srd\u0259n \u00e7ox \u00f6mr\u00fc il\u0259 b\u00fct\u00f6v bir d\u00f6vr\u00fcn canl\u0131 yadda\u015f\u0131 olan Z\u00fcleyxa Hac\u0131yeva art\u0131q aram\u0131zda yoxdur.<br \/>\nRuhunuz \u015fad olsun, Z\u00fcleyxa xan\u0131m!<br \/>\nBa\u015f \u0259yir\u0259m \u0259ziz xatir\u0259nizin v\u0259 Az\u0259rbaycan efirin\u0259 b\u0259x\u015f etdiyiniz o unudulmaz s\u0259sin qar\u015f\u0131s\u0131nda&#8230;<br \/>\nSiz yen\u0259 efird\u0259siniz&#8230;<br \/>\nBu d\u0259f\u0259 xatir\u0259l\u0259rimizin \u0259b\u0259di efirind\u0259.<br \/>\nB\u0259z\u0259n bir \u015f\u0259kil sad\u0259c\u0259 \u015f\u0259kil olmur&#8230; Bir ne\u00e7\u0259 n\u0259slin yadda\u015f\u0131, bir d\u00f6vr\u00fcn m\u0259n\u0259viyyat\u0131, s\u0259n\u0259t\u0259 veril\u0259n qiym\u0259t v\u0259 insanlara olan ehtiram bir kadra s\u0131\u011f\u0131r. Bu \u015f\u0259kil d\u0259 m\u0259nim \u00fc\u00e7\u00fcn el\u0259dir&#8230;<br \/>\nOrtada y\u00fcz ya\u015f\u0131 adlam\u0131\u015f, Az\u0259rbaycan efirinin canl\u0131 yadda\u015flar\u0131ndan biri \u2014 Z\u00fcleyxa Hac\u0131yeva.<br \/>\nYa\u015f\u0131n\u0131n a\u011f\u0131rl\u0131\u011f\u0131na baxmayaraq, s\u00f6zd\u0259n dan\u0131\u015fan, s\u0259n\u0259td\u0259n dan\u0131\u015fan, xatir\u0259l\u0259rini biziml\u0259 b\u00f6l\u00fc\u015f\u0259n bir xan\u0131m&#8230; Onun simas\u0131nda yaln\u0131z uzun \u00f6m\u00fcr deyil, b\u00fct\u00f6v bir s\u0259n\u0259t v\u0259 efir tarixinin izi g\u00f6r\u00fcn\u00fcrd\u00fc.<br \/>\n\u0130nsan\u0131n ya\u015f\u0131 b\u0259z\u0259n t\u0259qviml\u0259 \u00f6l\u00e7\u00fcl\u00fcr, m\u0259n\u0259viyyat\u0131 is\u0259 he\u00e7 vaxt qocalm\u0131rm\u0131\u015f&#8230;<br \/>\nYan\u0131nda diz \u00e7\u00f6k\u0259n \u018flim\u00fcrs\u0259l Hac\u0131zad\u0259 is\u0259 sanki bu \u015f\u0259klin \u0259n b\u00f6y\u00fck m\u0259nas\u0131n\u0131 tamamlay\u0131r.<br \/>\n\u018fli m\u00fc\u0259llim m\u0259nim m\u00fc\u0259llimim Cavan\u015fir Cahangirovla \u00e7al\u0131\u015fan insanlardan olub. M\u0259n \u00f6z\u00fcm\u00fc xo\u015fb\u0259xt say\u0131ram ki, m\u00fc\u0259llimimin birlikd\u0259 \u00e7al\u0131\u015fd\u0131\u011f\u0131 bir rejissorla m\u0259nim d\u0259 i\u015fl\u0259m\u0259k \u015fans\u0131m oldu. B\u0259lk\u0259 d\u0259 el\u0259 buna g\u00f6r\u0259, bir zaman m\u0259n\u0259 ondan uzaq durma\u011f\u0131, onunla i\u015fl\u0259m\u0259m\u0259yi m\u0259sl\u0259h\u0259t g\u00f6r\u0259nd\u0259 bunu q\u0259bul etm\u0259dim.<br \/>\n\u00c7\u00fcnki \u018fli m\u00fc\u0259llim bir h\u0259qiq\u0259ti yax\u015f\u0131 bilir: insan h\u0259r k\u0259sin qar\u015f\u0131s\u0131nda \u0259yilm\u0259z&#8230; Amma \u0259yilm\u0259li oldu\u011fu yeri d\u0259 tan\u0131yar.<br \/>\nZ\u00fcleyxa xan\u0131m\u0131n qar\u015f\u0131s\u0131nda diz \u00e7\u00f6km\u0259k z\u0259iflik deyildi. \u018fksin\u0259, bir \u0259srlik \u00f6mr\u00fcn, s\u0259n\u0259t\u0259 xidm\u0259tin, b\u00f6y\u00fck z\u0259hm\u0259tin v\u0259 b\u00f6y\u00fck m\u0259n\u0259viyyat\u0131n qar\u015f\u0131s\u0131nda ehtiram idi.<br \/>\nB\u0259lk\u0259 d\u0259 insan\u0131n b\u00f6y\u00fckl\u00fcy\u00fc el\u0259 bundad\u0131r \u2014 kiml\u0259rin qar\u015f\u0131s\u0131nda ayaqda qalaca\u011f\u0131n\u0131, kiml\u0259rin qar\u015f\u0131s\u0131nda is\u0259 ba\u015f \u0259ym\u0259yi bilm\u0259sind\u0259&#8230;<br \/>\nBu g\u00fcn m\u0259n v\u0259zif\u0259c\u0259 b\u00f6y\u00fck olan insanlar\u0131n deyil, m\u0259n\u0259viyyat\u0131 b\u00f6y\u00fck olan insanlar\u0131n qar\u015f\u0131s\u0131nda ba\u015f \u0259yir\u0259m.<br \/>\nZ\u00fcleyxa xan\u0131m, sizin d\u0259 m\u0259n\u0259viyyat\u0131n\u0131z b\u00f6y\u00fck idi&#8230;<br \/>\nBu g\u00fcn art\u0131q h\u0259m o b\u00f6y\u00fck m\u0259n\u0259viyyat\u0131n\u0131z\u0131n, h\u0259m d\u0259 \u0259ziz ruhunuzun qar\u015f\u0131s\u0131nda ba\u015f \u0259yir\u0259m.<br \/>\nRuhunuz \u015fad olsun&#8230;<\/p>\n<p>&nbsp;<\/p>\n<p><iframe loading=\"lazy\" title=\"Z\u00fcleyxa Hac\u0131yevan\u0131n efir \u00fcz\u00fc g\u00f6rm\u0259y\u0259n g\u00f6r\u00fcnt\u00fcl\u0259ri...\" width=\"563\" height=\"1000\" src=\"https:\/\/www.youtube.com\/embed\/WcIOmGsEB7w?feature=oembed\" frameborder=\"0\" allow=\"accelerometer; autoplay; clipboard-write; encrypted-media; gyroscope; picture-in-picture; web-share\" referrerpolicy=\"strict-origin-when-cross-origin\" allowfullscreen><\/iframe><\/p>\n<p>&nbsp;<\/p>\n<p><span style=\"color: #ff0000;\"><strong>M\u00fc\u0259llif: G\u00fcnay Novruz<\/strong><\/span><\/p>\n<p><span style=\"color: #ff0000;\"><strong>M\u0259nb\u0259: Odlar.media<\/strong><\/span><\/p>\n","protected":false},"excerpt":{"rendered":"<p>&nbsp; Az\u0259rbaycan Radiosunun ilk v\u0259 unudulmaz diktorlar\u0131ndan, \u018fm\u0259kdar artist Z\u00fcleyxa Hac\u0131yevan\u0131n v\u0259fat x\u0259b\u0259rini e\u015fitdim&#8230; \u0130st\u0259r-ist\u0259m\u0259z \u00fc\u00e7 il \u0259vv\u0259l \u00e7\u0259kdiyimiz g\u00f6r\u00fcnt\u00fcl\u0259r, h\u0259min g\u00fcn ya\u015fananlar, onun s\u0259si, bax\u0131\u015flar\u0131 v\u0259 k\u00f6vr\u0259k xatir\u0259l\u0259ri yad\u0131ma&hellip; <\/p>\n","protected":false},"author":537,"featured_media":84849,"comment_status":"closed","ping_status":"closed","sticky":false,"template":"","format":"standard","meta":{"footnotes":""},"categories":[1,57],"tags":[],"class_list":["post-84847","post","type-post","status-publish","format-standard","has-post-thumbnail","hentry","category-manset","category-mdniyyt"],"_links":{"self":[{"href":"https:\/\/odlar.media\/index.php?rest_route=\/wp\/v2\/posts\/84847","targetHints":{"allow":["GET"]}}],"collection":[{"href":"https:\/\/odlar.media\/index.php?rest_route=\/wp\/v2\/posts"}],"about":[{"href":"https:\/\/odlar.media\/index.php?rest_route=\/wp\/v2\/types\/post"}],"author":[{"embeddable":true,"href":"https:\/\/odlar.media\/index.php?rest_route=\/wp\/v2\/users\/537"}],"replies":[{"embeddable":true,"href":"https:\/\/odlar.media\/index.php?rest_route=%2Fwp%2Fv2%2Fcomments&post=84847"}],"version-history":[{"count":2,"href":"https:\/\/odlar.media\/index.php?rest_route=\/wp\/v2\/posts\/84847\/revisions"}],"predecessor-version":[{"id":84851,"href":"https:\/\/odlar.media\/index.php?rest_route=\/wp\/v2\/posts\/84847\/revisions\/84851"}],"wp:featuredmedia":[{"embeddable":true,"href":"https:\/\/odlar.media\/index.php?rest_route=\/wp\/v2\/media\/84849"}],"wp:attachment":[{"href":"https:\/\/odlar.media\/index.php?rest_route=%2Fwp%2Fv2%2Fmedia&parent=84847"}],"wp:term":[{"taxonomy":"category","embeddable":true,"href":"https:\/\/odlar.media\/index.php?rest_route=%2Fwp%2Fv2%2Fcategories&post=84847"},{"taxonomy":"post_tag","embeddable":true,"href":"https:\/\/odlar.media\/index.php?rest_route=%2Fwp%2Fv2%2Ftags&post=84847"}],"curies":[{"name":"wp","href":"https:\/\/api.w.org\/{rel}","templated":true}]}}