{"id":84821,"date":"2026-09-03T08:21:58","date_gmt":"2026-09-03T04:21:58","guid":{"rendered":"https:\/\/odlar.media\/?p=84821"},"modified":"2026-09-03T08:21:58","modified_gmt":"2026-09-03T04:21:58","slug":"az%c9%99rbaycanin-taninmis-diktoru-v%c9%99-em%c9%99kdar-artist-zuleyxa-haciyeva-104-yasin-icind%c9%99-v%c9%99fat-edib","status":"publish","type":"post","link":"https:\/\/odlar.media\/?p=84821","title":{"rendered":"Az\u0259rbaycan\u0131n tan\u0131nm\u0131\u015f diktoru v\u0259 \u018fm\u0259kdar artist Z\u00fcleyxa Hac\u0131yeva 104 ya\u015f\u0131n i\u00e7ind\u0259 v\u0259fat edib"},"content":{"rendered":"<p><span style=\"color: #ff0000;\"><strong>Odlar.media<\/strong><\/span> x\u0259b\u0259r verir ki, Az\u0259rbaycan\u0131n ilk qad\u0131n idman ustas\u0131, \u018fm\u0259kdar artist v\u0259 tan\u0131nm\u0131\u015f diktor Z\u00fcleyxa Hac\u0131yeva 104 ya\u015f\u0131n i\u00e7ind\u0259 d\u00fcnyas\u0131n\u0131 d\u0259yi\u015fib.<br \/>\nBu bar\u0259d\u0259 Az\u0259rbaycan Televiziya v\u0259 Radio Verili\u015fl\u0259ri QSC-nin s\u0259dri R\u00f6v\u015f\u0259n M\u0259mm\u0259dov m\u0259lumat yay\u0131b.<br \/>\nO, sosial \u015f\u0259b\u0259k\u0259 hesab\u0131nda Z\u00fcleyxa Hac\u0131yevan\u0131n v\u0259fat\u0131 il\u0259 ba\u011fl\u0131 payla\u015f\u0131m ed\u0259r\u0259k bildirib:<br \/>\n\u201c103 illik \u00f6m\u00fcr, Az\u0259rbaycan radiosuna onillikl\u0259r boyu xidm\u0259t v\u0259 milyonlarla dinl\u0259yicinin yadda\u015f\u0131nda qalan unikal bir s\u0259s&#8230; Allah r\u0259hm\u0259t el\u0259sin\u201d.<br \/>\nZ\u00fcleyxa Hac\u0131yeva 23 avqust 1923-c\u00fc ild\u0259 Bak\u0131da anadan olub.<br \/>\nO, 1942-1992-ci ill\u0259rd\u0259 Az\u0259rbaycan radiosunda f\u0259aliyy\u0259t g\u00f6st\u0259rib v\u0259 uzun ill\u0259r \u0259rzind\u0259 \u201cPoeziya d\u0259qiq\u0259l\u0259ri\u201d, \u201cAx\u015fam\u0131n\u0131z xeyir\u201d v\u0259 dig\u0259r verili\u015fl\u0259rin apar\u0131c\u0131s\u0131 olub.<br \/>\nZ\u00fcleyxa Hac\u0131yeva yaln\u0131z diktor kimi deyil, h\u0259m d\u0259 pe\u015f\u0259kar idman\u00e7\u0131 kimi tan\u0131n\u0131b. O, XX \u0259srin Az\u0259rbaycan\u0131n 10 \u0259n g\u00f6rk\u0259mli idman\u00e7\u0131s\u0131ndan biri hesab olunub.<br \/>\n\u0130dman sah\u0259sind\u0259 xidm\u0259tl\u0259rin\u0259 g\u00f6r\u0259 SSR\u0130 idman ustas\u0131 ad\u0131na layiq g\u00f6r\u00fcl\u0259n Z\u00fcleyxa Hac\u0131yeva gimnastika \u00fczr\u0259 7 d\u0259f\u0259 Az\u0259rbaycan \u00e7empionu olub.<br \/>\nAz\u0259rbaycan radio v\u0259 televiziya tarixind\u0259 \u00f6z\u00fcn\u0259m\u0259xsus iz qoyan tan\u0131nm\u0131\u015f diktorun v\u0259fat\u0131 b\u00f6y\u00fck itki kimi qiym\u0259tl\u0259ndirilir.<br \/>\n<span style=\"color: #ff0000;\"><strong>Odlar.media<\/strong><\/span> m\u0259rhum s\u0259n\u0259tkar\u0131n ail\u0259sin\u0259, yax\u0131nlar\u0131na v\u0259 onu tan\u0131yan h\u0259r k\u0259s\u0259 d\u0259rin h\u00fcznl\u0259 ba\u015fsa\u011fl\u0131\u011f\u0131 verir. Allah r\u0259hm\u0259t el\u0259sin!<\/p>\n","protected":false},"excerpt":{"rendered":"<p>Odlar.media x\u0259b\u0259r verir ki, Az\u0259rbaycan\u0131n ilk qad\u0131n idman ustas\u0131, \u018fm\u0259kdar artist v\u0259 tan\u0131nm\u0131\u015f diktor Z\u00fcleyxa Hac\u0131yeva 104 ya\u015f\u0131n i\u00e7ind\u0259 d\u00fcnyas\u0131n\u0131 d\u0259yi\u015fib. Bu bar\u0259d\u0259 Az\u0259rbaycan Televiziya v\u0259 Radio Verili\u015fl\u0259ri QSC-nin s\u0259dri&hellip; <\/p>\n","protected":false},"author":537,"featured_media":84822,"comment_status":"closed","ping_status":"closed","sticky":false,"template":"","format":"standard","meta":{"footnotes":""},"categories":[1,57],"tags":[],"class_list":["post-84821","post","type-post","status-publish","format-standard","has-post-thumbnail","hentry","category-manset","category-mdniyyt"],"_links":{"self":[{"href":"https:\/\/odlar.media\/index.php?rest_route=\/wp\/v2\/posts\/84821","targetHints":{"allow":["GET"]}}],"collection":[{"href":"https:\/\/odlar.media\/index.php?rest_route=\/wp\/v2\/posts"}],"about":[{"href":"https:\/\/odlar.media\/index.php?rest_route=\/wp\/v2\/types\/post"}],"author":[{"embeddable":true,"href":"https:\/\/odlar.media\/index.php?rest_route=\/wp\/v2\/users\/537"}],"replies":[{"embeddable":true,"href":"https:\/\/odlar.media\/index.php?rest_route=%2Fwp%2Fv2%2Fcomments&post=84821"}],"version-history":[{"count":2,"href":"https:\/\/odlar.media\/index.php?rest_route=\/wp\/v2\/posts\/84821\/revisions"}],"predecessor-version":[{"id":84825,"href":"https:\/\/odlar.media\/index.php?rest_route=\/wp\/v2\/posts\/84821\/revisions\/84825"}],"wp:featuredmedia":[{"embeddable":true,"href":"https:\/\/odlar.media\/index.php?rest_route=\/wp\/v2\/media\/84822"}],"wp:attachment":[{"href":"https:\/\/odlar.media\/index.php?rest_route=%2Fwp%2Fv2%2Fmedia&parent=84821"}],"wp:term":[{"taxonomy":"category","embeddable":true,"href":"https:\/\/odlar.media\/index.php?rest_route=%2Fwp%2Fv2%2Fcategories&post=84821"},{"taxonomy":"post_tag","embeddable":true,"href":"https:\/\/odlar.media\/index.php?rest_route=%2Fwp%2Fv2%2Ftags&post=84821"}],"curies":[{"name":"wp","href":"https:\/\/api.w.org\/{rel}","templated":true}]}}