{"id":84817,"date":"2026-09-02T19:36:03","date_gmt":"2026-09-02T15:36:03","guid":{"rendered":"https:\/\/odlar.media\/?p=84817"},"modified":"2026-09-02T19:36:03","modified_gmt":"2026-09-02T15:36:03","slug":"kolg%c9%99d%c9%99n-isiga-layih%c9%99sind%c9%99-yeni-imza-aynur-haqverdinin-ilk-seirl%c9%99r-kitabi-t%c9%99qdim-edildi","status":"publish","type":"post","link":"https:\/\/odlar.media\/?p=84817","title":{"rendered":"\u201cK\u00f6lg\u0259d\u0259n i\u015f\u0131\u011fa\u201d layih\u0259sind\u0259 yeni imza: Aynur Haqverdinin ilk \u015feirl\u0259r kitab\u0131 t\u0259qdim edildi"},"content":{"rendered":"<p class=\"isSelectedEnd\"><span style=\"color: #ff0000;\"><strong>Odlar.media <\/strong><\/span>x\u0259b\u0259r verir ki<strong>,<\/strong> 1 sentyabr 2026-c\u0131 il tarixind\u0259 S\u0259bail Rayon M\u0259rk\u0259zl\u0259\u015fdirilmi\u015f Kitabxana Sisteminin M\u0259rk\u0259zi Kitabxanas\u0131nda \u201cZ\u0259rif K\u00f6lg\u0259l\u0259r\u201d Yarad\u0131c\u0131l\u0131q Klubunun \u201cK\u00f6lg\u0259d\u0259n i\u015f\u0131\u011fa\u201d layih\u0259si \u00e7\u0259r\u00e7iv\u0259sind\u0259 n\u0259\u015fr olunan \u015fair Aynur Haqverdinin \u201c\u00c7\u0259r\u00e7iv\u0259d\u0259ki \u015f\u0259kil\u201d adl\u0131 ilk \u015feirl\u0259r kitab\u0131n\u0131n t\u0259qdimat m\u0259rasimi ke\u00e7irilib.<\/p>\n<p class=\"isSelectedEnd\">T\u0259dbiri \u201cZ\u0259rif K\u00f6lg\u0259l\u0259r\u201d Yarad\u0131c\u0131l\u0131q Klubunun r\u0259hb\u0259ri Aysel N\u0259sirzad\u0259 a\u00e7araq i\u015ftirak\u00e7\u0131lar\u0131 salamlay\u0131b. O, Aynur Haqverdinin ilk kitab\u0131n\u0131n \u0259rs\u0259y\u0259 g\u0259lm\u0259si, el\u0259c\u0259 d\u0259 \u201cK\u00f6lg\u0259d\u0259n i\u015f\u0131\u011fa\u201d layih\u0259sinin m\u0259qs\u0259d v\u0259 m\u0259ram\u0131 bar\u0259d\u0259 m\u0259lumat verib.<\/p>\n<p class=\"isSelectedEnd\">T\u0259qdimat m\u0259rasimind\u0259 Aysel Fikr\u0259t, Q\u0259\u015f\u0259m N\u0259c\u0259fzad\u0259, aktyor v\u0259 b\u0259dii qira\u0259t ustas\u0131 Kamran M. Yunis, kitab\u0131n redaktoru Elvin Polad, Z\u0259hra \u018fkr\u0259m, M\u00fc\u015ffiq\u0259 Baladdin, Nigar S\u0259ttarzad\u0259, Ceyhun \u00d6tk\u0259m, C\u0259bray\u0131l Q\u0259mb\u0259r v\u0259 dig\u0259r qonaqlar i\u015ftirak edibl\u0259r.<\/p>\n<p class=\"isSelectedEnd\">\u00c7\u0131x\u0131\u015f ed\u0259n qonaqlar \u201c\u00c7\u0259r\u00e7iv\u0259d\u0259ki \u015f\u0259kil\u201d kitab\u0131nda yer alan \u015feirl\u0259r, m\u00fc\u0259llifin poetik d\u00fcnyas\u0131 v\u0259 yarad\u0131c\u0131l\u0131q \u00fcslubu haqq\u0131nda fikirl\u0259rini b\u00f6l\u00fc\u015f\u00fcbl\u0259r. T\u0259dbir zaman\u0131 kitabdan \u015feirl\u0259r s\u0259sl\u0259ndirilib, \u0259s\u0259rl\u0259r \u0259traf\u0131nda fikir m\u00fcbadil\u0259si v\u0259 maraql\u0131 m\u00fczakir\u0259l\u0259r apar\u0131l\u0131b. Qonaqlar Aynur Haqverdini ilk kitab\u0131n\u0131n i\u015f\u0131q \u00fcz\u00fc g\u00f6rm\u0259si m\u00fcnasib\u0259til\u0259 t\u0259brik ed\u0259r\u0259k ona yarad\u0131c\u0131l\u0131q u\u011furlar\u0131 arzulay\u0131blar.<\/p>\n<p class=\"isSelectedEnd\">Qeyd ed\u0259k ki, \u201c\u00c7\u0259r\u00e7iv\u0259d\u0259ki \u015f\u0259kil\u201d Aynur Haqverdinin ilk n\u0259\u015fr olunan \u015feirl\u0259r kitab\u0131d\u0131r. N\u0259\u015fr \u201cZ\u0259rif K\u00f6lg\u0259l\u0259r\u201d Yarad\u0131c\u0131l\u0131q Klubunun r\u0259hb\u0259ri Aysel N\u0259sirzad\u0259 v\u0259 H\u0259mid\u0259 Yaqubovan\u0131n t\u0259\u015f\u0259bb\u00fcs\u00fc v\u0259 d\u0259st\u0259yi il\u0259 h\u0259yata ke\u00e7iril\u0259n \u201cK\u00f6lg\u0259d\u0259n i\u015f\u0131\u011fa\u201d layih\u0259si \u00e7\u0259r\u00e7iv\u0259sind\u0259 \u0259rs\u0259y\u0259 g\u0259lib.<\/p>\n<p class=\"isSelectedEnd\">\u201cK\u00f6lg\u0259d\u0259n i\u015f\u0131\u011fa\u201d layih\u0259sinin \u0259sas m\u0259qs\u0259di yeni m\u00fc\u0259llifl\u0259r\u0259 d\u0259st\u0259k g\u00f6st\u0259rm\u0259k, onlar\u0131n yarad\u0131c\u0131l\u0131q n\u00fcmun\u0259l\u0259rini kitab \u015f\u0259klind\u0259 oxuculara t\u0259qdim etm\u0259kdir. Layih\u0259nin bundan sonra da davam etdirilm\u0259si v\u0259 \u201cZ\u0259rif K\u00f6lg\u0259l\u0259r\u201d Yarad\u0131c\u0131l\u0131q Klubunun dig\u0259r \u00fczvl\u0259rinin \u0259s\u0259rl\u0259rinin d\u0259 bu layih\u0259 \u00e7\u0259r\u00e7iv\u0259sind\u0259 n\u0259\u015fr olunmas\u0131 n\u0259z\u0259rd\u0259 tutulur.<\/p>\n<p class=\"isSelectedEnd\">T\u0259dbirin sonunda Aynur Haqverdi \u201c\u00c7\u0259r\u00e7iv\u0259d\u0259ki \u015f\u0259kil\u201d kitablar\u0131n\u0131 imzalayaraq oxucular\u0131na t\u0259qdim edib. M\u00fc\u0259llifin ilk kitab\u0131n\u0131 \u00f6z imzas\u0131 il\u0259 oxucular\u0131na t\u0259qdim etm\u0259si t\u0259dbirin \u0259n yaddaqalan m\u0259qamlar\u0131ndan biri olub.<\/p>\n<p class=\"isSelectedEnd\">\u201cZ\u0259rif K\u00f6lg\u0259l\u0259r\u201d Yarad\u0131c\u0131l\u0131q Klubu t\u0259dbirin ke\u00e7irilm\u0259si \u00fc\u00e7\u00fcn m\u0259kan v\u0259 \u015f\u0259rait yaratd\u0131\u011f\u0131na g\u00f6r\u0259 S\u0259bail Rayon M\u0259rk\u0259zl\u0259\u015fdirilmi\u015f Kitabxana Sisteminin M\u0259rk\u0259zi Kitabxanas\u0131n\u0131n r\u0259hb\u0259rliyin\u0259 t\u0259\u015f\u0259kk\u00fcr\u00fcn\u00fc bildirib.<\/p>\n<p><span style=\"color: #ff0000;\"><strong>Odlar.media<\/strong><\/span> olaraq Aynur Haqverdini ilk kitab\u0131n\u0131n n\u0259\u015fri m\u00fcnasib\u0259til\u0259 t\u0259brik edir, ona yarad\u0131c\u0131l\u0131q yolunda yeni u\u011furlar v\u0259 ilham arzulay\u0131r\u0131q.<\/p>\n<p>&nbsp;<\/p>\n<p><span style=\"color: #ff0000;\"><strong>M\u0259nb\u0259: Odlar.media<\/strong><\/span><\/p>\n","protected":false},"excerpt":{"rendered":"<p>Odlar.media x\u0259b\u0259r verir ki, 1 sentyabr 2026-c\u0131 il tarixind\u0259 S\u0259bail Rayon M\u0259rk\u0259zl\u0259\u015fdirilmi\u015f Kitabxana Sisteminin M\u0259rk\u0259zi Kitabxanas\u0131nda \u201cZ\u0259rif K\u00f6lg\u0259l\u0259r\u201d Yarad\u0131c\u0131l\u0131q Klubunun \u201cK\u00f6lg\u0259d\u0259n i\u015f\u0131\u011fa\u201d layih\u0259si \u00e7\u0259r\u00e7iv\u0259sind\u0259 n\u0259\u015fr olunan \u015fair Aynur Haqverdinin \u201c\u00c7\u0259r\u00e7iv\u0259d\u0259ki&hellip; <\/p>\n","protected":false},"author":537,"featured_media":84818,"comment_status":"closed","ping_status":"closed","sticky":false,"template":"","format":"standard","meta":{"footnotes":""},"categories":[63,1],"tags":[],"class_list":["post-84817","post","type-post","status-publish","format-standard","has-post-thumbnail","hentry","category-dbiyyat","category-manset"],"_links":{"self":[{"href":"https:\/\/odlar.media\/index.php?rest_route=\/wp\/v2\/posts\/84817","targetHints":{"allow":["GET"]}}],"collection":[{"href":"https:\/\/odlar.media\/index.php?rest_route=\/wp\/v2\/posts"}],"about":[{"href":"https:\/\/odlar.media\/index.php?rest_route=\/wp\/v2\/types\/post"}],"author":[{"embeddable":true,"href":"https:\/\/odlar.media\/index.php?rest_route=\/wp\/v2\/users\/537"}],"replies":[{"embeddable":true,"href":"https:\/\/odlar.media\/index.php?rest_route=%2Fwp%2Fv2%2Fcomments&post=84817"}],"version-history":[{"count":2,"href":"https:\/\/odlar.media\/index.php?rest_route=\/wp\/v2\/posts\/84817\/revisions"}],"predecessor-version":[{"id":84820,"href":"https:\/\/odlar.media\/index.php?rest_route=\/wp\/v2\/posts\/84817\/revisions\/84820"}],"wp:featuredmedia":[{"embeddable":true,"href":"https:\/\/odlar.media\/index.php?rest_route=\/wp\/v2\/media\/84818"}],"wp:attachment":[{"href":"https:\/\/odlar.media\/index.php?rest_route=%2Fwp%2Fv2%2Fmedia&parent=84817"}],"wp:term":[{"taxonomy":"category","embeddable":true,"href":"https:\/\/odlar.media\/index.php?rest_route=%2Fwp%2Fv2%2Fcategories&post=84817"},{"taxonomy":"post_tag","embeddable":true,"href":"https:\/\/odlar.media\/index.php?rest_route=%2Fwp%2Fv2%2Ftags&post=84817"}],"curies":[{"name":"wp","href":"https:\/\/api.w.org\/{rel}","templated":true}]}}