{"id":84794,"date":"2026-09-02T14:15:32","date_gmt":"2026-09-02T10:15:32","guid":{"rendered":"https:\/\/odlar.media\/?p=84794"},"modified":"2026-09-02T14:15:32","modified_gmt":"2026-09-02T10:15:32","slug":"sentyabrin-3-d%c9%99-hava-nec%c9%99-olacaq-proqnoz","status":"publish","type":"post","link":"https:\/\/odlar.media\/?p=84794","title":{"rendered":"Sentyabr\u0131n 3-d\u0259 hava nec\u0259 olacaq? \u2013 PROQNOZ"},"content":{"rendered":"<p><strong>Odlar.media <\/strong>x\u0259b\u0259r verir ki, Milli Hidrometeorologiya Xidm\u0259ti sentyabr\u0131n 3-d\u0259 Az\u0259rbaycanda g\u00f6zl\u0259nil\u0259n hava \u015f\u0259raiti il\u0259 ba\u011fl\u0131 proqnozu a\u00e7\u0131qlay\u0131b.<\/p>\n<p>Bak\u0131da v\u0259 Ab\u015feron yar\u0131madas\u0131nda hava \u015f\u0259raitinin d\u0259yi\u015fk\u0259n buludlu olaca\u011f\u0131, \u0259sas\u0259n ya\u011fmursuz ke\u00e7\u0259c\u0259yi g\u00f6zl\u0259nilir. \u015eimal-\u015f\u0259rq k\u00fcl\u0259yi \u0259s\u0259c\u0259k.<\/p>\n<p>Paytaxtda havan\u0131n temperaturu gec\u0259 <strong>19-21\u00b0 isti<\/strong>, g\u00fcnd\u00fcz is\u0259 <strong>26-30\u00b0 isti<\/strong> olacaq. Atmosfer t\u0259zyiqi 762 mm civ\u0259 s\u00fctunu t\u0259\u015fkil ed\u0259c\u0259k. Nisbi r\u00fctub\u0259t gec\u0259 70-75 faiz, g\u00fcnd\u00fcz 45-50 faiz olacaq.<\/p>\n<p>Az\u0259rbaycan\u0131n rayonlar\u0131nda da havan\u0131n \u0259sas\u0259n ya\u011fmursuz ke\u00e7\u0259c\u0259yi proqnozla\u015fd\u0131r\u0131l\u0131r. Lakin gec\u0259 v\u0259 s\u0259h\u0259r b\u0259zi da\u011fl\u0131q \u0259razil\u0259rd\u0259 q\u0131sam\u00fcdd\u0259tli ya\u011f\u0131\u015f ya\u011faca\u011f\u0131 v\u0259 \u015fim\u015f\u0259k \u00e7axaca\u011f\u0131 ehtimal\u0131 var. H\u0259min \u0259razil\u0259rd\u0259 gec\u0259 v\u0259 s\u0259h\u0259r arabir duman m\u00fc\u015fahid\u0259 olunacaq.<\/p>\n<p>Rayonlarda \u015f\u0259rq k\u00fcl\u0259yi \u0259s\u0259c\u0259k. Havan\u0131n temperaturu gec\u0259 <strong>18-22\u00b0 isti<\/strong>, g\u00fcnd\u00fcz <strong>27-32\u00b0 isti<\/strong> olacaq.<\/p>\n<p>Da\u011fl\u0131q \u0259razil\u0259rd\u0259 is\u0259 gec\u0259 <strong>10-15\u00b0 isti<\/strong>, g\u00fcnd\u00fcz <strong>18-22\u00b0 isti<\/strong> hava g\u00f6zl\u0259nilir.<\/p>\n<p><strong>Odlar.media<\/strong> bildirir ki, sentyabr\u0131n 3-d\u0259 \u00f6lk\u0259 \u0259razisinin b\u00f6y\u00fck hiss\u0259sind\u0259 \u0259sas\u0259n sabit v\u0259 ya\u011fmursuz hava \u015f\u0259raiti h\u00f6km s\u00fcr\u0259c\u0259k, ya\u011f\u0131nt\u0131 ehtimal\u0131 \u0259sas\u0259n da\u011fl\u0131q \u0259razil\u0259rl\u0259 m\u0259hdudla\u015facaq.<\/p>\n","protected":false},"excerpt":{"rendered":"<p>Odlar.media x\u0259b\u0259r verir ki, Milli Hidrometeorologiya Xidm\u0259ti sentyabr\u0131n 3-d\u0259 Az\u0259rbaycanda g\u00f6zl\u0259nil\u0259n hava \u015f\u0259raiti il\u0259 ba\u011fl\u0131 proqnozu a\u00e7\u0131qlay\u0131b. Bak\u0131da v\u0259 Ab\u015feron yar\u0131madas\u0131nda hava \u015f\u0259raitinin d\u0259yi\u015fk\u0259n buludlu olaca\u011f\u0131, \u0259sas\u0259n ya\u011fmursuz ke\u00e7\u0259c\u0259yi g\u00f6zl\u0259nilir.&hellip; <\/p>\n","protected":false},"author":537,"featured_media":84795,"comment_status":"closed","ping_status":"closed","sticky":false,"template":"","format":"standard","meta":{"footnotes":""},"categories":[71],"tags":[],"class_list":["post-84794","post","type-post","status-publish","format-standard","has-post-thumbnail","hentry","category-sosial"],"_links":{"self":[{"href":"https:\/\/odlar.media\/index.php?rest_route=\/wp\/v2\/posts\/84794","targetHints":{"allow":["GET"]}}],"collection":[{"href":"https:\/\/odlar.media\/index.php?rest_route=\/wp\/v2\/posts"}],"about":[{"href":"https:\/\/odlar.media\/index.php?rest_route=\/wp\/v2\/types\/post"}],"author":[{"embeddable":true,"href":"https:\/\/odlar.media\/index.php?rest_route=\/wp\/v2\/users\/537"}],"replies":[{"embeddable":true,"href":"https:\/\/odlar.media\/index.php?rest_route=%2Fwp%2Fv2%2Fcomments&post=84794"}],"version-history":[{"count":1,"href":"https:\/\/odlar.media\/index.php?rest_route=\/wp\/v2\/posts\/84794\/revisions"}],"predecessor-version":[{"id":84796,"href":"https:\/\/odlar.media\/index.php?rest_route=\/wp\/v2\/posts\/84794\/revisions\/84796"}],"wp:featuredmedia":[{"embeddable":true,"href":"https:\/\/odlar.media\/index.php?rest_route=\/wp\/v2\/media\/84795"}],"wp:attachment":[{"href":"https:\/\/odlar.media\/index.php?rest_route=%2Fwp%2Fv2%2Fmedia&parent=84794"}],"wp:term":[{"taxonomy":"category","embeddable":true,"href":"https:\/\/odlar.media\/index.php?rest_route=%2Fwp%2Fv2%2Fcategories&post=84794"},{"taxonomy":"post_tag","embeddable":true,"href":"https:\/\/odlar.media\/index.php?rest_route=%2Fwp%2Fv2%2Ftags&post=84794"}],"curies":[{"name":"wp","href":"https:\/\/api.w.org\/{rel}","templated":true}]}}