{"id":84790,"date":"2026-09-02T14:11:28","date_gmt":"2026-09-02T10:11:28","guid":{"rendered":"https:\/\/odlar.media\/?p=84790"},"modified":"2026-09-02T14:11:28","modified_gmt":"2026-09-02T10:11:28","slug":"niyam%c9%99ddin-musayev-solo-konsert-ver%c9%99c%c9%99k-tarix-v%c9%99-m%c9%99kan-aciqlanib","status":"publish","type":"post","link":"https:\/\/odlar.media\/?p=84790","title":{"rendered":"Niyam\u0259ddin Musayev solo konsert ver\u0259c\u0259k \u2013 Tarix v\u0259 m\u0259kan a\u00e7\u0131qlan\u0131b"},"content":{"rendered":"<h1 data-pm-slice=\"1 1 []\"><\/h1>\n<p><strong>Odlar.media <\/strong>x\u0259b\u0259r verir ki, Xalq artisti Niyam\u0259ddin Musayev \u201cD\u00fcnya s\u0259nin, d\u00fcnya m\u0259nim\u201d adl\u0131 solo konsert proqram\u0131 il\u0259 p\u0259r\u0259sti\u015fkarlar\u0131n\u0131n qar\u015f\u0131s\u0131na \u00e7\u0131xacaq.<\/p>\n<p>S\u0259n\u0259t\u00e7i bildirib ki, konsert ke\u00e7irm\u0259k q\u0259rar\u0131n\u0131 tama\u015fa\u00e7\u0131lar\u0131n ist\u0259yini n\u0259z\u0259r\u0259 alaraq verib. Onun s\u00f6zl\u0259rin\u0259 g\u00f6r\u0259, p\u0259r\u0259sti\u015fkarlar\u0131 s\u0259hn\u0259d\u0259 onu yenid\u0259n g\u00f6rm\u0259k ist\u0259dikl\u0259rini bildiribl\u0259r.<\/p>\n<p>Niyam\u0259ddin Musayev qeyd edib ki, indiy\u0259d\u0259k Heyd\u0259r \u018fliyev Saray\u0131nda solo konserti ba\u015f tutmay\u0131b. O, qar\u015f\u0131dak\u0131 konsertd\u0259 tama\u015fa\u00e7\u0131 mara\u011f\u0131n\u0131 v\u0259 ona olan t\u0259l\u0259bi hiss ed\u0259c\u0259yi t\u0259qdird\u0259, g\u0259l\u0259c\u0259kd\u0259 Heyd\u0259r \u018fliyev Saray\u0131nda da konsert proqram\u0131 il\u0259 \u00e7\u0131x\u0131\u015f etm\u0259yi planla\u015fd\u0131r\u0131r.<\/p>\n<p>Xalq artisti \u00fc\u00e7\u00fcn \u0259sas meyar\u0131n tama\u015fa\u00e7\u0131 sevgisi v\u0259 ist\u0259yinin oldu\u011funu vur\u011fulay\u0131b.<\/p>\n<p>Qeyd ed\u0259k ki, \u201cD\u00fcnya s\u0259nin, d\u00fcnya m\u0259nim\u201d adl\u0131 konsert oktyabr\u0131n 10-da Sumqay\u0131t Mu\u011fam v\u0259 Yarad\u0131c\u0131l\u0131q M\u0259rk\u0259zind\u0259 ke\u00e7iril\u0259c\u0259k.<\/p>\n<p><strong>Odlar.media<\/strong><\/p>\n","protected":false},"excerpt":{"rendered":"<p>Odlar.media x\u0259b\u0259r verir ki, Xalq artisti Niyam\u0259ddin Musayev \u201cD\u00fcnya s\u0259nin, d\u00fcnya m\u0259nim\u201d adl\u0131 solo konsert proqram\u0131 il\u0259 p\u0259r\u0259sti\u015fkarlar\u0131n\u0131n qar\u015f\u0131s\u0131na \u00e7\u0131xacaq. S\u0259n\u0259t\u00e7i bildirib ki, konsert ke\u00e7irm\u0259k q\u0259rar\u0131n\u0131 tama\u015fa\u00e7\u0131lar\u0131n ist\u0259yini n\u0259z\u0259r\u0259 alaraq&hellip; <\/p>\n","protected":false},"author":537,"featured_media":84791,"comment_status":"closed","ping_status":"closed","sticky":false,"template":"","format":"standard","meta":{"footnotes":""},"categories":[57],"tags":[],"class_list":["post-84790","post","type-post","status-publish","format-standard","has-post-thumbnail","hentry","category-mdniyyt"],"_links":{"self":[{"href":"https:\/\/odlar.media\/index.php?rest_route=\/wp\/v2\/posts\/84790","targetHints":{"allow":["GET"]}}],"collection":[{"href":"https:\/\/odlar.media\/index.php?rest_route=\/wp\/v2\/posts"}],"about":[{"href":"https:\/\/odlar.media\/index.php?rest_route=\/wp\/v2\/types\/post"}],"author":[{"embeddable":true,"href":"https:\/\/odlar.media\/index.php?rest_route=\/wp\/v2\/users\/537"}],"replies":[{"embeddable":true,"href":"https:\/\/odlar.media\/index.php?rest_route=%2Fwp%2Fv2%2Fcomments&post=84790"}],"version-history":[{"count":2,"href":"https:\/\/odlar.media\/index.php?rest_route=\/wp\/v2\/posts\/84790\/revisions"}],"predecessor-version":[{"id":84793,"href":"https:\/\/odlar.media\/index.php?rest_route=\/wp\/v2\/posts\/84790\/revisions\/84793"}],"wp:featuredmedia":[{"embeddable":true,"href":"https:\/\/odlar.media\/index.php?rest_route=\/wp\/v2\/media\/84791"}],"wp:attachment":[{"href":"https:\/\/odlar.media\/index.php?rest_route=%2Fwp%2Fv2%2Fmedia&parent=84790"}],"wp:term":[{"taxonomy":"category","embeddable":true,"href":"https:\/\/odlar.media\/index.php?rest_route=%2Fwp%2Fv2%2Fcategories&post=84790"},{"taxonomy":"post_tag","embeddable":true,"href":"https:\/\/odlar.media\/index.php?rest_route=%2Fwp%2Fv2%2Ftags&post=84790"}],"curies":[{"name":"wp","href":"https:\/\/api.w.org\/{rel}","templated":true}]}}