{"id":84772,"date":"2026-09-02T13:41:48","date_gmt":"2026-09-02T09:41:48","guid":{"rendered":"https:\/\/odlar.media\/?p=84772"},"modified":"2026-09-02T13:41:48","modified_gmt":"2026-09-02T09:41:48","slug":"ilham-eliyev-3-f%c9%99rman-imzaladi-dasinmaz-%c9%99mlak-v%c9%99-kibert%c9%99hluk%c9%99sizlikl%c9%99-bagli-muhum-d%c9%99yisiklikl%c9%99r","status":"publish","type":"post","link":"https:\/\/odlar.media\/?p=84772","title":{"rendered":"\u0130lham \u018fliyev 3 f\u0259rman imzalad\u0131 \u2013 da\u015f\u0131nmaz \u0259mlak v\u0259 kibert\u0259hl\u00fck\u0259sizlikl\u0259 ba\u011fl\u0131 m\u00fch\u00fcm d\u0259yi\u015fiklikl\u0259r"},"content":{"rendered":"<p><span style=\"color: #ff0000;\"><strong>Odlar.media<\/strong><\/span> x\u0259b\u0259r verir ki, Prezident \u0130lham \u018fliyev qanunvericilikd\u0259 d\u0259yi\u015fiklikl\u0259rin t\u0259tbiqi il\u0259 ba\u011fl\u0131 \u00fc\u00e7 f\u0259rman imzalay\u0131b.<br \/>\nF\u0259rmanlardan biri da\u015f\u0131nmaz \u0259mlak\u0131n d\u00f6vl\u0259t kadastr\u0131 v\u0259 d\u00f6vl\u0259t reyestrinin apar\u0131lmas\u0131 qaydalar\u0131n\u0131n yenil\u0259nm\u0259si il\u0259 ba\u011fl\u0131d\u0131r.<br \/>\nS\u0259n\u0259dl\u0259 \u201cDa\u015f\u0131nmaz \u0259mlak\u0131n d\u00f6vl\u0259t kadastr\u0131n\u0131n apar\u0131lmas\u0131 Qaydalar\u0131\u201d v\u0259 \u201cDa\u015f\u0131nmaz \u0259mlak\u0131n d\u00f6vl\u0259t reyestrinin apar\u0131lmas\u0131 qaydalar\u0131, o c\u00fcml\u0259d\u0259n reyestrd\u0259 saxlan\u0131lan m\u0259lumatlar\u0131n t\u0259rkibi\u201d t\u0259sdiql\u0259nib. Eyni zamanda da\u015f\u0131nmaz \u0259mlak\u0131n d\u00f6vl\u0259t reyestrinin apar\u0131lmas\u0131 qaydalar\u0131n\u0131 m\u00fc\u0259yy\u0259n ed\u0259n \u0259vv\u0259lki f\u0259rmanlardan biri l\u0259\u011fv edilib.<br \/>\nYeni qaydalara \u0259sas\u0259n, da\u015f\u0131nmaz \u0259mlakla ba\u011fl\u0131 m\u0259lumatlar\u0131n elektron sistemd\u0259 toplanmas\u0131 v\u0259 d\u00f6vl\u0259t kadastr\u0131na daxil edilm\u0259si n\u0259z\u0259rd\u0259 tutulur. \u201cDa\u015f\u0131nmaz \u018fmlak\u0131n Elektron Reyestri v\u0259 Kadastr\u0131\u201d informasiya sisteminin t\u0259tbiqi il\u0259 ba\u011fl\u0131 s\u0259lahiyy\u0259tl\u0259r d\u0259 m\u00fc\u0259yy\u0259nl\u0259\u015fdirilib.<br \/>\nDig\u0259r f\u0259rman k\u0259nd t\u0259s\u0259rr\u00fcfat\u0131 t\u0259yinatl\u0131 torpaqlar\u0131n konsolidasiyas\u0131 il\u0259 ba\u011fl\u0131 qanunvericilik d\u0259yi\u015fiklikl\u0259rinin t\u0259tbiqini n\u0259z\u0259rd\u0259 tutur. Nazirl\u0259r Kabinetin\u0259 k\u0259nd t\u0259s\u0259rr\u00fcfat\u0131 t\u0259yinatl\u0131 torpaqlar\u0131n konsolidasiyas\u0131 qaydas\u0131n\u0131 alt\u0131 ay m\u00fcdd\u0259tind\u0259 m\u00fc\u0259yy\u0259n etm\u0259k tap\u015f\u0131r\u0131l\u0131b.<br \/>\n\u00dc\u00e7\u00fcnc\u00fc f\u0259rman is\u0259 \u0130nzibati X\u0259talar M\u0259c\u0259ll\u0259sind\u0259 d\u0259yi\u015fiklikl\u0259rin t\u0259tbiqi il\u0259 ba\u011fl\u0131d\u0131r.<br \/>\nS\u0259n\u0259dl\u0259 bir s\u0131ra inzibati x\u0259talar \u00fczr\u0259 s\u0259lahiyy\u0259tli d\u00f6vl\u0259t qurumlar\u0131 m\u00fc\u0259yy\u0259nl\u0259\u015fdirilib. O c\u00fcml\u0259d\u0259n, kibert\u0259hl\u00fck\u0259sizlik sah\u0259sind\u0259 n\u0259z\u0259rd\u0259 tutulan inzibati x\u0259talara Milli Kibert\u0259hl\u00fck\u0259sizlik Agentliyi qismind\u0259 Az\u0259rbaycan Respublikas\u0131n\u0131n R\u0259q\u0259msal \u0130nki\u015faf v\u0259 N\u0259qliyyat Nazirliyinin baxaca\u011f\u0131 m\u00fc\u0259yy\u0259n edilib.<br \/>\nQeyd ed\u0259k ki, f\u0259rman\u0131n kibert\u0259hl\u00fck\u0259sizlikl\u0259 ba\u011fl\u0131 b\u0259zi m\u00fcdd\u0259alar\u0131, el\u0259c\u0259 d\u0259 \u0130nzibati X\u0259talar M\u0259c\u0259ll\u0259sinin m\u00fcvafiq d\u0259yi\u015fiklikl\u0259ri 2027-ci il iyulun 1-d\u0259n q\u00fcvv\u0259y\u0259 min\u0259c\u0259k.<br \/>\nF\u0259rmanlarla qanunvericilikd\u0259 bir s\u0131ra dig\u0259r texniki v\u0259 institusional d\u0259yi\u015fiklikl\u0259r d\u0259 h\u0259yata ke\u00e7irilib.<\/p>\n<p><span style=\"color: #ff0000;\"><strong>Odlar.media<\/strong><\/span><\/p>\n","protected":false},"excerpt":{"rendered":"<p>Odlar.media x\u0259b\u0259r verir ki, Prezident \u0130lham \u018fliyev qanunvericilikd\u0259 d\u0259yi\u015fiklikl\u0259rin t\u0259tbiqi il\u0259 ba\u011fl\u0131 \u00fc\u00e7 f\u0259rman imzalay\u0131b. F\u0259rmanlardan biri da\u015f\u0131nmaz \u0259mlak\u0131n d\u00f6vl\u0259t kadastr\u0131 v\u0259 d\u00f6vl\u0259t reyestrinin apar\u0131lmas\u0131 qaydalar\u0131n\u0131n yenil\u0259nm\u0259si il\u0259 ba\u011fl\u0131d\u0131r. S\u0259n\u0259dl\u0259&hellip; <\/p>\n","protected":false},"author":537,"featured_media":84773,"comment_status":"closed","ping_status":"closed","sticky":false,"template":"","format":"standard","meta":{"footnotes":""},"categories":[50,1],"tags":[],"class_list":["post-84772","post","type-post","status-publish","format-standard","has-post-thumbnail","hentry","category-gundm","category-manset"],"_links":{"self":[{"href":"https:\/\/odlar.media\/index.php?rest_route=\/wp\/v2\/posts\/84772","targetHints":{"allow":["GET"]}}],"collection":[{"href":"https:\/\/odlar.media\/index.php?rest_route=\/wp\/v2\/posts"}],"about":[{"href":"https:\/\/odlar.media\/index.php?rest_route=\/wp\/v2\/types\/post"}],"author":[{"embeddable":true,"href":"https:\/\/odlar.media\/index.php?rest_route=\/wp\/v2\/users\/537"}],"replies":[{"embeddable":true,"href":"https:\/\/odlar.media\/index.php?rest_route=%2Fwp%2Fv2%2Fcomments&post=84772"}],"version-history":[{"count":2,"href":"https:\/\/odlar.media\/index.php?rest_route=\/wp\/v2\/posts\/84772\/revisions"}],"predecessor-version":[{"id":84775,"href":"https:\/\/odlar.media\/index.php?rest_route=\/wp\/v2\/posts\/84772\/revisions\/84775"}],"wp:featuredmedia":[{"embeddable":true,"href":"https:\/\/odlar.media\/index.php?rest_route=\/wp\/v2\/media\/84773"}],"wp:attachment":[{"href":"https:\/\/odlar.media\/index.php?rest_route=%2Fwp%2Fv2%2Fmedia&parent=84772"}],"wp:term":[{"taxonomy":"category","embeddable":true,"href":"https:\/\/odlar.media\/index.php?rest_route=%2Fwp%2Fv2%2Fcategories&post=84772"},{"taxonomy":"post_tag","embeddable":true,"href":"https:\/\/odlar.media\/index.php?rest_route=%2Fwp%2Fv2%2Ftags&post=84772"}],"curies":[{"name":"wp","href":"https:\/\/api.w.org\/{rel}","templated":true}]}}