{"id":84764,"date":"2026-09-02T12:36:58","date_gmt":"2026-09-02T08:36:58","guid":{"rendered":"https:\/\/odlar.media\/?p=84764"},"modified":"2026-09-02T12:36:58","modified_gmt":"2026-09-02T08:36:58","slug":"bakinin-iki-rayonunda-isiqlar-son%c9%99c%c9%99k-saatlar-aciqlandi-2","status":"publish","type":"post","link":"https:\/\/odlar.media\/?p=84764","title":{"rendered":"Bak\u0131n\u0131n iki rayonunda i\u015f\u0131qlar s\u00f6n\u0259c\u0259k \u2013 Saatlar A\u00c7IQLANDI"},"content":{"rendered":"<p><span style=\"color: #ff0000;\"><strong>Odlar.media<\/strong><\/span> x\u0259b\u0259r verir ki, bu g\u00fcn Bak\u0131n\u0131n bir s\u0131ra \u0259razil\u0259rind\u0259 Transformator M\u0259nt\u0259q\u0259l\u0259rind\u0259 (TM) apar\u0131lacaq t\u0259mir i\u015fl\u0259ri il\u0259 \u0259laq\u0259dar elektrik enerjisinin verili\u015find\u0259 m\u0259hdudiyy\u0259tl\u0259r t\u0259tbiq olunacaq.<br \/>\n\u201cAz\u0259ri\u015f\u0131q\u201d ASC-nin m\u0259lumat\u0131na g\u00f6r\u0259, Yasamal Rayon Enerji T\u0259chizat\u0131 v\u0259 Sat\u0131\u015f\u0131 \u0130dar\u0259sinin (RETS\u0130) xidm\u0259t \u0259razisind\u0259 yerl\u0259\u015f\u0259n Abbas Mirz\u0259 \u015e\u0259rifzad\u0259, \u00c7uxurs\u0259d, El\u015f\u0259n M\u00fcsl\u00fcmov, \u018fjd\u0259r A\u011fayev, M\u0259h\u0259mm\u0259d Xiyabani v\u0259 Mir\u0259li Seyidov k\u00fc\u00e7\u0259l\u0259rinin, h\u0259m\u00e7inin Bak\u0131 k\u0259nar dair\u0259vi yolunun bir hiss\u0259sinin elektrik t\u0259chizat\u0131nda 10:00-dan 13:00-d\u0259k fasil\u0259 yaranacaq.<br \/>\nBundan ba\u015fqa, N\u0259rimanov RETS\u0130-nin \u0259razisin\u0259 daxil olan A\u011fa Nem\u0259tulla, Arif Hac\u0131yev v\u0259 Arif Heyd\u0259rov k\u00fc\u00e7\u0259l\u0259rinin b\u0259zi hiss\u0259l\u0259rind\u0259 elektrik enerjisinin verili\u015fi 09:00-dan 13:00-d\u0259k m\u00fcv\u0259qq\u0259ti dayand\u0131r\u0131lacaq.<br \/>\n\u201cAz\u0259ri\u015f\u0131q\u201d t\u0259mir i\u015fl\u0259rinin enerji t\u0259chizat\u0131n\u0131n etibarl\u0131l\u0131\u011f\u0131n\u0131n art\u0131r\u0131lmas\u0131 m\u0259qs\u0259dil\u0259 h\u0259yata ke\u00e7irildiyini bildirib.<\/p>\n<p><span style=\"color: #ff0000;\"><strong>Odlar.media<\/strong><\/span><\/p>\n","protected":false},"excerpt":{"rendered":"<p>Odlar.media x\u0259b\u0259r verir ki, bu g\u00fcn Bak\u0131n\u0131n bir s\u0131ra \u0259razil\u0259rind\u0259 Transformator M\u0259nt\u0259q\u0259l\u0259rind\u0259 (TM) apar\u0131lacaq t\u0259mir i\u015fl\u0259ri il\u0259 \u0259laq\u0259dar elektrik enerjisinin verili\u015find\u0259 m\u0259hdudiyy\u0259tl\u0259r t\u0259tbiq olunacaq. \u201cAz\u0259ri\u015f\u0131q\u201d ASC-nin m\u0259lumat\u0131na g\u00f6r\u0259, Yasamal Rayon&hellip; <\/p>\n","protected":false},"author":537,"featured_media":84765,"comment_status":"closed","ping_status":"closed","sticky":false,"template":"","format":"standard","meta":{"footnotes":""},"categories":[1,148],"tags":[],"class_list":["post-84764","post","type-post","status-publish","format-standard","has-post-thumbnail","hentry","category-manset","category-rsmi-xbr"],"_links":{"self":[{"href":"https:\/\/odlar.media\/index.php?rest_route=\/wp\/v2\/posts\/84764","targetHints":{"allow":["GET"]}}],"collection":[{"href":"https:\/\/odlar.media\/index.php?rest_route=\/wp\/v2\/posts"}],"about":[{"href":"https:\/\/odlar.media\/index.php?rest_route=\/wp\/v2\/types\/post"}],"author":[{"embeddable":true,"href":"https:\/\/odlar.media\/index.php?rest_route=\/wp\/v2\/users\/537"}],"replies":[{"embeddable":true,"href":"https:\/\/odlar.media\/index.php?rest_route=%2Fwp%2Fv2%2Fcomments&post=84764"}],"version-history":[{"count":2,"href":"https:\/\/odlar.media\/index.php?rest_route=\/wp\/v2\/posts\/84764\/revisions"}],"predecessor-version":[{"id":84767,"href":"https:\/\/odlar.media\/index.php?rest_route=\/wp\/v2\/posts\/84764\/revisions\/84767"}],"wp:featuredmedia":[{"embeddable":true,"href":"https:\/\/odlar.media\/index.php?rest_route=\/wp\/v2\/media\/84765"}],"wp:attachment":[{"href":"https:\/\/odlar.media\/index.php?rest_route=%2Fwp%2Fv2%2Fmedia&parent=84764"}],"wp:term":[{"taxonomy":"category","embeddable":true,"href":"https:\/\/odlar.media\/index.php?rest_route=%2Fwp%2Fv2%2Fcategories&post=84764"},{"taxonomy":"post_tag","embeddable":true,"href":"https:\/\/odlar.media\/index.php?rest_route=%2Fwp%2Fv2%2Ftags&post=84764"}],"curies":[{"name":"wp","href":"https:\/\/api.w.org\/{rel}","templated":true}]}}