{"id":84753,"date":"2026-09-02T12:19:37","date_gmt":"2026-09-02T08:19:37","guid":{"rendered":"https:\/\/odlar.media\/?p=84753"},"modified":"2026-09-02T12:19:38","modified_gmt":"2026-09-02T08:19:38","slug":"peru-irana-qarsi-diplomatik-addim-atdi-elaq%c9%99l%c9%99r-k%c9%99sildi","status":"publish","type":"post","link":"https:\/\/odlar.media\/?p=84753","title":{"rendered":"Peru \u0130rana qar\u015f\u0131 diplomatik add\u0131m atd\u0131 \u2013 \u018flaq\u0259l\u0259r k\u0259sildi"},"content":{"rendered":"<p><strong>Odlar.media<\/strong> x\u0259b\u0259r verir ki, Peru h\u00f6kum\u0259ti \u0130ran \u0130slam Respublikas\u0131 il\u0259 diplomatik \u0259laq\u0259l\u0259ri dayand\u0131rmaq q\u0259rar\u0131na g\u0259lib.<br \/>\nBu bar\u0259d\u0259 Perunun Xarici \u0130\u015fl\u0259r Nazirliyinin yayd\u0131\u011f\u0131 b\u0259yanatda bildirilib.<br \/>\nB\u0259yanatda qeyd olunub ki, q\u0259rar Perunun s\u00fclh\u0259, beyn\u0259lxalq h\u00fcquqa v\u0259 demokratiyan\u0131n m\u00fcdafi\u0259sin\u0259 sadiqliyi \u0259sas g\u00f6t\u00fcr\u00fcl\u0259r\u0259k q\u0259bul edilib.<br \/>\nPeru Xarici \u0130\u015fl\u0259r Nazirliyi \u0130ran\u0131n H\u00f6rm\u00fcz bo\u011faz\u0131nda t\u0259tbiq etdiyi s\u0259rt m\u0259hdudiyy\u0259tl\u0259rd\u0259n ciddi narahatl\u0131q ifad\u0259 edib. Nazirlik hesab edir ki, bu m\u0259hdudiyy\u0259tl\u0259r beyn\u0259lxalq ticar\u0259t\u0259 m\u0259nfi t\u0259sir g\u00f6st\u0259rir.<br \/>\nDiplomatik m\u00fcnasib\u0259tl\u0259rin k\u0259silm\u0259sin\u0259 baxmayaraq, Peru \u0130ran \u0259razisind\u0259 olan v\u0259t\u0259nda\u015flar\u0131na konsulluq xidm\u0259tl\u0259rinin g\u00f6st\u0259rilm\u0259sini davam etdir\u0259c\u0259yini a\u00e7\u0131qlay\u0131b.<\/p>\n<p><strong>Odlar.media<\/strong><\/p>\n","protected":false},"excerpt":{"rendered":"<p>Odlar.media x\u0259b\u0259r verir ki, Peru h\u00f6kum\u0259ti \u0130ran \u0130slam Respublikas\u0131 il\u0259 diplomatik \u0259laq\u0259l\u0259ri dayand\u0131rmaq q\u0259rar\u0131na g\u0259lib. Bu bar\u0259d\u0259 Perunun Xarici \u0130\u015fl\u0259r Nazirliyinin yayd\u0131\u011f\u0131 b\u0259yanatda bildirilib. B\u0259yanatda qeyd olunub ki, q\u0259rar Perunun&hellip; <\/p>\n","protected":false},"author":537,"featured_media":84754,"comment_status":"closed","ping_status":"closed","sticky":false,"template":"","format":"standard","meta":{"footnotes":""},"categories":[55],"tags":[],"class_list":["post-84753","post","type-post","status-publish","format-standard","has-post-thumbnail","hentry","category-dunya"],"_links":{"self":[{"href":"https:\/\/odlar.media\/index.php?rest_route=\/wp\/v2\/posts\/84753","targetHints":{"allow":["GET"]}}],"collection":[{"href":"https:\/\/odlar.media\/index.php?rest_route=\/wp\/v2\/posts"}],"about":[{"href":"https:\/\/odlar.media\/index.php?rest_route=\/wp\/v2\/types\/post"}],"author":[{"embeddable":true,"href":"https:\/\/odlar.media\/index.php?rest_route=\/wp\/v2\/users\/537"}],"replies":[{"embeddable":true,"href":"https:\/\/odlar.media\/index.php?rest_route=%2Fwp%2Fv2%2Fcomments&post=84753"}],"version-history":[{"count":2,"href":"https:\/\/odlar.media\/index.php?rest_route=\/wp\/v2\/posts\/84753\/revisions"}],"predecessor-version":[{"id":84756,"href":"https:\/\/odlar.media\/index.php?rest_route=\/wp\/v2\/posts\/84753\/revisions\/84756"}],"wp:featuredmedia":[{"embeddable":true,"href":"https:\/\/odlar.media\/index.php?rest_route=\/wp\/v2\/media\/84754"}],"wp:attachment":[{"href":"https:\/\/odlar.media\/index.php?rest_route=%2Fwp%2Fv2%2Fmedia&parent=84753"}],"wp:term":[{"taxonomy":"category","embeddable":true,"href":"https:\/\/odlar.media\/index.php?rest_route=%2Fwp%2Fv2%2Fcategories&post=84753"},{"taxonomy":"post_tag","embeddable":true,"href":"https:\/\/odlar.media\/index.php?rest_route=%2Fwp%2Fv2%2Ftags&post=84753"}],"curies":[{"name":"wp","href":"https:\/\/api.w.org\/{rel}","templated":true}]}}