{"id":84744,"date":"2026-09-02T10:51:48","date_gmt":"2026-09-02T06:51:48","guid":{"rendered":"https:\/\/odlar.media\/?p=84744"},"modified":"2026-09-02T10:51:48","modified_gmt":"2026-09-02T06:51:48","slug":"sumqayitda-qadini-avtomobil-vuraraq-oldurdu","status":"publish","type":"post","link":"https:\/\/odlar.media\/?p=84744","title":{"rendered":"Sumqay\u0131tda qad\u0131n\u0131 avtomobil vuraraq \u00f6ld\u00fcrd\u00fc"},"content":{"rendered":"<p><strong>Odlar.media<\/strong> x\u0259b\u0259r verir ki, Sumqay\u0131t \u015f\u0259h\u0259rind\u0259 \u00f6l\u00fcml\u0259 n\u0259tic\u0259l\u0259n\u0259n yol-n\u0259qliyyat hadis\u0259si ba\u015f verib.<br \/>\nHadis\u0259 d\u00fcn\u0259n, saat 12 rad\u0259l\u0259rind\u0259 \u015f\u0259h\u0259rin 49-cu m\u0259h\u0259ll\u0259 adlanan \u0259razisind\u0259 qeyd\u0259 al\u0131n\u0131b.<br \/>\nBel\u0259 ki, 1963-c\u00fc il t\u0259v\u0259ll\u00fcdl\u00fc Y. \u018fsg\u0259rov idar\u0259 etdiyi \u201cKia Sorento\u201d markal\u0131 avtomobill\u0259 yolu ke\u00e7\u0259n 1980-ci il t\u0259v\u0259ll\u00fcdl\u00fc S\u00fcleymanova G\u00fclnar\u0259 Rafiq q\u0131z\u0131n\u0131 vurub.<br \/>\nQ\u0259za n\u0259tic\u0259sind\u0259 a\u011f\u0131r x\u0259sar\u0259tl\u0259r alan qad\u0131n x\u0259st\u0259xanaya apar\u0131lark\u0259n yolda d\u00fcnyas\u0131n\u0131 d\u0259yi\u015fib.<br \/>\nFaktla ba\u011fl\u0131 Sumqay\u0131t \u015e\u0259h\u0259r Polis \u0130dar\u0259sind\u0259 cinay\u0259t i\u015fi ba\u015flan\u0131l\u0131b, ara\u015fd\u0131rma apar\u0131l\u0131r.<br \/>\n<strong>Odlar.media<\/strong> x\u0259b\u0259r verir ki, hadis\u0259nin dig\u0259r t\u0259f\u0259rr\u00fcatlar\u0131 ara\u015fd\u0131rman\u0131n n\u0259tic\u0259l\u0259rin\u0259 \u0259sas\u0259n m\u00fc\u0259yy\u0259nl\u0259\u015f\u0259c\u0259k.<\/p>\n","protected":false},"excerpt":{"rendered":"<p>Odlar.media x\u0259b\u0259r verir ki, Sumqay\u0131t \u015f\u0259h\u0259rind\u0259 \u00f6l\u00fcml\u0259 n\u0259tic\u0259l\u0259n\u0259n yol-n\u0259qliyyat hadis\u0259si ba\u015f verib. Hadis\u0259 d\u00fcn\u0259n, saat 12 rad\u0259l\u0259rind\u0259 \u015f\u0259h\u0259rin 49-cu m\u0259h\u0259ll\u0259 adlanan \u0259razisind\u0259 qeyd\u0259 al\u0131n\u0131b. Bel\u0259 ki, 1963-c\u00fc il t\u0259v\u0259ll\u00fcdl\u00fc Y.&hellip; <\/p>\n","protected":false},"author":537,"featured_media":84745,"comment_status":"closed","ping_status":"closed","sticky":false,"template":"","format":"standard","meta":{"footnotes":""},"categories":[62],"tags":[],"class_list":["post-84744","post","type-post","status-publish","format-standard","has-post-thumbnail","hentry","category-hadis"],"_links":{"self":[{"href":"https:\/\/odlar.media\/index.php?rest_route=\/wp\/v2\/posts\/84744","targetHints":{"allow":["GET"]}}],"collection":[{"href":"https:\/\/odlar.media\/index.php?rest_route=\/wp\/v2\/posts"}],"about":[{"href":"https:\/\/odlar.media\/index.php?rest_route=\/wp\/v2\/types\/post"}],"author":[{"embeddable":true,"href":"https:\/\/odlar.media\/index.php?rest_route=\/wp\/v2\/users\/537"}],"replies":[{"embeddable":true,"href":"https:\/\/odlar.media\/index.php?rest_route=%2Fwp%2Fv2%2Fcomments&post=84744"}],"version-history":[{"count":2,"href":"https:\/\/odlar.media\/index.php?rest_route=\/wp\/v2\/posts\/84744\/revisions"}],"predecessor-version":[{"id":84747,"href":"https:\/\/odlar.media\/index.php?rest_route=\/wp\/v2\/posts\/84744\/revisions\/84747"}],"wp:featuredmedia":[{"embeddable":true,"href":"https:\/\/odlar.media\/index.php?rest_route=\/wp\/v2\/media\/84745"}],"wp:attachment":[{"href":"https:\/\/odlar.media\/index.php?rest_route=%2Fwp%2Fv2%2Fmedia&parent=84744"}],"wp:term":[{"taxonomy":"category","embeddable":true,"href":"https:\/\/odlar.media\/index.php?rest_route=%2Fwp%2Fv2%2Fcategories&post=84744"},{"taxonomy":"post_tag","embeddable":true,"href":"https:\/\/odlar.media\/index.php?rest_route=%2Fwp%2Fv2%2Ftags&post=84744"}],"curies":[{"name":"wp","href":"https:\/\/api.w.org\/{rel}","templated":true}]}}