{"id":84734,"date":"2026-09-02T10:34:01","date_gmt":"2026-09-02T06:34:01","guid":{"rendered":"https:\/\/odlar.media\/?p=84734"},"modified":"2026-09-02T10:37:07","modified_gmt":"2026-09-02T06:37:07","slug":"deputat-az%c9%99rbaycan-artiq-bolg%c9%99nin-g%c9%99l%c9%99c%c9%99yinin-formalasmasinda-%c9%99sas-soz-sahibl%c9%99rind%c9%99n-biridir","status":"publish","type":"post","link":"https:\/\/odlar.media\/?p=84734","title":{"rendered":"Deputat: \u201cAz\u0259rbaycan art\u0131q b\u00f6lg\u0259nin g\u0259l\u0259c\u0259yinin formala\u015fmas\u0131nda \u0259sas s\u00f6z sahibl\u0259rind\u0259n biridir\u201d"},"content":{"rendered":"<div dir=\"auto\">\n<div dir=\"auto\"><span style=\"color: #ff0000;\"><strong>Odlar.media<\/strong><\/span> x\u0259b\u0259r verir ki, Az\u0259rbaycan\u0131n son ill\u0259rd\u0259 xarici siyas\u0259t sah\u0259sind\u0259 qazand\u0131\u011f\u0131 \u0259sas \u00fcst\u00fcnl\u00fckl\u0259rd\u0259n biri m\u00fcxt\u0259lif g\u00fcc m\u0259rk\u0259zl\u0259ri il\u0259 paralel m\u00fcnasib\u0259tl\u0259r qurmaq v\u0259 milli maraqlar\u0131n\u0131 f\u0259rqli beyn\u0259lxalq platformalarda m\u00fcdafi\u0259 etm\u0259k imkanlar\u0131n\u0131n geni\u015fl\u0259nm\u0259sidir.<br \/>\nBunu Prezident \u0130lham \u018fliyevin Q\u0131r\u011f\u0131z\u0131stan\u0131n paytaxt\u0131 Bi\u015fkek\u0259 s\u0259f\u0259rini v\u0259 \u015eanxay \u018fm\u0259kda\u015fl\u0131q T\u0259\u015fkilat\u0131n\u0131n (\u015e\u018fT) sammitind\u0259 i\u015ftirak\u0131n\u0131 \u015f\u0259rh ed\u0259n Milli M\u0259clisin deputat\u0131 Elnar\u0259 Akimova deyib.<br \/>\nDeputat bildirib ki, Az\u0259rbaycan\u0131n geni\u015fl\u0259n\u0259n diplomatik imkanlar\u0131 \u00f6lk\u0259nin xarici siyas\u0259td\u0259 manevr imkanlar\u0131n\u0131 art\u0131r\u0131r v\u0259 Prezident \u0130lham \u018fliyevin Bi\u015fkekd\u0259 ke\u00e7irdiyi g\u00f6r\u00fc\u015fl\u0259r bunun praktiki g\u00f6st\u0259ricil\u0259rind\u0259n biridir.<br \/>\nOnun s\u00f6zl\u0259rin\u0259 g\u00f6r\u0259, \u015e\u018fT sammitind\u0259 Az\u0259rbaycan\u0131n i\u015ftirak\u0131 \u00f6lk\u0259nin Avrasiya siyasi v\u0259 iqtisadi m\u0259kan\u0131nda artan rolunu n\u00fcmayi\u015f etdirir:<br \/>\n\u201c\u015e\u018fT sammitind\u0259 i\u015ftirak Az\u0259rbaycan\u0131n Avrasiya siyasi v\u0259 iqtisadi m\u0259kan\u0131nda artan rolunu g\u00f6st\u0259rdi. Sammit \u00e7\u0259r\u00e7iv\u0259sind\u0259 Erm\u0259nistan\u0131n ba\u015f naziri Nikol Pa\u015finyanla ke\u00e7iril\u0259n g\u00f6r\u00fc\u015f is\u0259 C\u0259nubi Qafqazda yeni m\u00fcnasib\u0259tl\u0259r sisteminin formala\u015fd\u0131r\u0131lmas\u0131 istiqam\u0259tind\u0259 birba\u015fa dialoqun davam etdiyini n\u00fcmayi\u015f etdirdi.<br \/>\nBu iki hadis\u0259nin ortaq n\u00f6qt\u0259si Az\u0259rbaycan\u0131n yeni m\u0259rh\u0259l\u0259d\u0259 qar\u015f\u0131ya qoydu\u011fu \u0259sas m\u0259qs\u0259dl\u0259rd\u0259 \u00f6z\u00fcn\u00fc g\u00f6st\u0259rir. Bunlar t\u0259hl\u00fck\u0259sizliyin m\u00f6hk\u0259ml\u0259ndirilm\u0259si, iqtisadi \u0259laq\u0259l\u0259rin geni\u015fl\u0259ndirilm\u0259si, n\u0259qliyyat imkanlar\u0131n\u0131n art\u0131r\u0131lmas\u0131 v\u0259 uzunm\u00fcdd\u0259tli s\u00fclh\u00fcn t\u0259min edilm\u0259sidir.<br \/>\nBi\u015fkek s\u0259f\u0259rin\u0259 m\u0259hz bu prizmadan baxmaq laz\u0131md\u0131r. Az\u0259rbaycan art\u0131q m\u00fcnaqi\u015f\u0259nin n\u0259tic\u0259l\u0259rini m\u00fczakir\u0259 ed\u0259n t\u0259r\u0259f deyil. \u00d6lk\u0259 h\u0259min n\u0259tic\u0259l\u0259rin yaratd\u0131\u011f\u0131 yeni siyasi v\u0259 iqtisadi imkanlar\u0131 formala\u015fd\u0131rma\u011fa \u00e7al\u0131\u015fan d\u00f6vl\u0259tdir\u201d.<br \/>\nElnar\u0259 Akimova qeyd edib ki, sammit \u00e7\u0259r\u00e7iv\u0259sind\u0259 Prezident \u0130lham \u018fliyevl\u0259 Nikol Pa\u015finyan aras\u0131nda ke\u00e7iril\u0259n g\u00f6r\u00fc\u015f Az\u0259rbaycan\u0131n davaml\u0131 s\u00fclh\u0259 nail olmaq istiqam\u0259tind\u0259 s\u0259yl\u0259rini bir daha n\u00fcmayi\u015f etdirir.<br \/>\n\u201c\u015e\u018fT platformas\u0131nda i\u015ftirak bu siyas\u0259tin beyn\u0259lxalq miqyas\u0131n\u0131, Pa\u015finyanla birba\u015fa g\u00f6r\u00fc\u015f is\u0259 onun regional \u00f6l\u00e7\u00fcs\u00fcn\u00fc g\u00f6st\u0259rir.<br \/>\nBi\u015fkekd\u0259n g\u00f6r\u00fcn\u0259n Az\u0259rbaycan m\u0259nz\u0259r\u0259si bel\u0259dir: \u00f6z suverenliyini v\u0259 \u0259razi b\u00fct\u00f6vl\u00fcy\u00fcn\u00fc t\u0259min etmi\u015f, regionda yeni siyasi reall\u0131q yaratm\u0131\u015f v\u0259 indi h\u0259min reall\u0131\u011f\u0131 davaml\u0131 s\u00fclh\u0259, regional \u0259m\u0259kda\u015fl\u0131\u011fa v\u0259 daha geni\u015f iqtisadi ba\u011flant\u0131lara \u00e7evirm\u0259y\u0259 \u00e7al\u0131\u015fan bir d\u00f6vl\u0259t.<br \/>\nBu m\u0259rh\u0259l\u0259d\u0259 Az\u0259rbaycan\u0131n \u0259sas \u00fcst\u00fcnl\u00fcy\u00fc yaln\u0131z qazand\u0131\u011f\u0131 n\u0259tic\u0259l\u0259rd\u0259n ibar\u0259t deyil. \u018fsas \u00fcst\u00fcnl\u00fck ondan ibar\u0259tdir ki, Bak\u0131 art\u0131q b\u00f6lg\u0259nin g\u0259l\u0259c\u0259yi bar\u0259d\u0259 dan\u0131\u015fan t\u0259r\u0259fl\u0259rd\u0259n biri deyil, h\u0259min g\u0259l\u0259c\u0259yin formala\u015fmas\u0131nda \u0259sas s\u00f6z sahibl\u0259rind\u0259n biridir\u201d, \u2013 deputat vur\u011fulay\u0131b.<\/div>\n<div dir=\"auto\"><span style=\"color: #ff0000;\"><strong>M\u0259nb\u0259: Odlar.media<\/strong><\/span><\/div>\n<\/div>\n","protected":false},"excerpt":{"rendered":"<p>Odlar.media x\u0259b\u0259r verir ki, Az\u0259rbaycan\u0131n son ill\u0259rd\u0259 xarici siyas\u0259t sah\u0259sind\u0259 qazand\u0131\u011f\u0131 \u0259sas \u00fcst\u00fcnl\u00fckl\u0259rd\u0259n biri m\u00fcxt\u0259lif g\u00fcc m\u0259rk\u0259zl\u0259ri il\u0259 paralel m\u00fcnasib\u0259tl\u0259r qurmaq v\u0259 milli maraqlar\u0131n\u0131 f\u0259rqli beyn\u0259lxalq platformalarda m\u00fcdafi\u0259 etm\u0259k imkanlar\u0131n\u0131n&hellip; <\/p>\n","protected":false},"author":537,"featured_media":84737,"comment_status":"closed","ping_status":"closed","sticky":false,"template":"","format":"standard","meta":{"footnotes":""},"categories":[50,1],"tags":[],"class_list":["post-84734","post","type-post","status-publish","format-standard","has-post-thumbnail","hentry","category-gundm","category-manset"],"_links":{"self":[{"href":"https:\/\/odlar.media\/index.php?rest_route=\/wp\/v2\/posts\/84734","targetHints":{"allow":["GET"]}}],"collection":[{"href":"https:\/\/odlar.media\/index.php?rest_route=\/wp\/v2\/posts"}],"about":[{"href":"https:\/\/odlar.media\/index.php?rest_route=\/wp\/v2\/types\/post"}],"author":[{"embeddable":true,"href":"https:\/\/odlar.media\/index.php?rest_route=\/wp\/v2\/users\/537"}],"replies":[{"embeddable":true,"href":"https:\/\/odlar.media\/index.php?rest_route=%2Fwp%2Fv2%2Fcomments&post=84734"}],"version-history":[{"count":3,"href":"https:\/\/odlar.media\/index.php?rest_route=\/wp\/v2\/posts\/84734\/revisions"}],"predecessor-version":[{"id":84738,"href":"https:\/\/odlar.media\/index.php?rest_route=\/wp\/v2\/posts\/84734\/revisions\/84738"}],"wp:featuredmedia":[{"embeddable":true,"href":"https:\/\/odlar.media\/index.php?rest_route=\/wp\/v2\/media\/84737"}],"wp:attachment":[{"href":"https:\/\/odlar.media\/index.php?rest_route=%2Fwp%2Fv2%2Fmedia&parent=84734"}],"wp:term":[{"taxonomy":"category","embeddable":true,"href":"https:\/\/odlar.media\/index.php?rest_route=%2Fwp%2Fv2%2Fcategories&post=84734"},{"taxonomy":"post_tag","embeddable":true,"href":"https:\/\/odlar.media\/index.php?rest_route=%2Fwp%2Fv2%2Ftags&post=84734"}],"curies":[{"name":"wp","href":"https:\/\/api.w.org\/{rel}","templated":true}]}}