{"id":84718,"date":"2026-09-02T10:10:01","date_gmt":"2026-09-02T06:10:01","guid":{"rendered":"https:\/\/odlar.media\/?p=84718"},"modified":"2026-09-02T10:10:01","modified_gmt":"2026-09-02T06:10:01","slug":"tramp-iranla-danisiqlara-baslamaga-calismiram","status":"publish","type":"post","link":"https:\/\/odlar.media\/?p=84718","title":{"rendered":"Tramp: \u0130ranla dan\u0131\u015f\u0131qlara ba\u015flama\u011fa \u00e7al\u0131\u015fm\u0131ram"},"content":{"rendered":"<p><strong>Odlar.media<\/strong> x\u0259b\u0259r verir ki, AB\u015e Prezidenti Donald Tramp \u0130ranla dan\u0131\u015f\u0131qlara ba\u015flama\u011fa \u00e7al\u0131\u015fmad\u0131\u011f\u0131n\u0131 bildirib.<br \/>\nTramp bu bar\u0259d\u0259 \u201cTruth Social\u201d hesab\u0131nda payla\u015f\u0131m edib. O, AB\u015e-\u0131n \u0130ran\u0131 dan\u0131\u015f\u0131qlar masas\u0131na qaytarma\u011fa \u00e7al\u0131\u015fd\u0131\u011f\u0131 bar\u0259d\u0259 yay\u0131lan m\u0259lumatlar\u0131 t\u0259kzib edib.<br \/>\n\u201cABC-nin saxta x\u0259b\u0259rl\u0259rind\u0259 bildirildiyi kimi, \u0130ran\u0131 dan\u0131\u015f\u0131qlar masas\u0131na oturtma\u011fa \u00e7al\u0131\u015fm\u0131ram. Onlar \u00fc\u00e7\u00fcn faydas\u0131z olan bir sazi\u015f imzalay\u0131b-imzalamayaca\u011f\u0131 m\u0259n\u0259 he\u00e7 bir \u0259h\u0259miyy\u0259t da\u015f\u0131m\u0131r\u201d, \u2013 Tramp yaz\u0131b.<br \/>\nAB\u015e lideri haz\u0131rk\u0131 v\u0259ziyy\u0259tin onun \u00fc\u00e7\u00fcn daha m\u0259qbul oldu\u011funu vur\u011fulay\u0131b. Tramp AB\u015e-\u0131n \u201cH\u00f6rm\u00fcz bo\u011faz\u0131na dem\u0259k olar ki, tam n\u0259zar\u0259t etdiyini\u201d, \u0130ran iqtisadiyyat\u0131n\u0131n is\u0259 \u201ctamamil\u0259 da\u011f\u0131ld\u0131\u011f\u0131n\u0131\u201d iddia edib.<br \/>\n\u201cOnlar sad\u0259c\u0259 qa\u00e7\u0131lmaz olanla bar\u0131\u015f\u0131rlar. \u0130ran xalq\u0131 n\u0259 vaxt aya\u011fa qalxacaq v\u0259 m\u00fcbariz\u0259y\u0259 ba\u015flayacaq?\u201d \u2013 dey\u0259 Tramp \u0259lav\u0259 edib.<\/p>\n<p><strong>Odlar.media<\/strong><\/p>\n","protected":false},"excerpt":{"rendered":"<p>Odlar.media x\u0259b\u0259r verir ki, AB\u015e Prezidenti Donald Tramp \u0130ranla dan\u0131\u015f\u0131qlara ba\u015flama\u011fa \u00e7al\u0131\u015fmad\u0131\u011f\u0131n\u0131 bildirib. Tramp bu bar\u0259d\u0259 \u201cTruth Social\u201d hesab\u0131nda payla\u015f\u0131m edib. O, AB\u015e-\u0131n \u0130ran\u0131 dan\u0131\u015f\u0131qlar masas\u0131na qaytarma\u011fa \u00e7al\u0131\u015fd\u0131\u011f\u0131 bar\u0259d\u0259 yay\u0131lan&hellip; <\/p>\n","protected":false},"author":537,"featured_media":84719,"comment_status":"closed","ping_status":"closed","sticky":false,"template":"","format":"standard","meta":{"footnotes":""},"categories":[134],"tags":[],"class_list":["post-84718","post","type-post","status-publish","format-standard","has-post-thumbnail","hentry","category-amerika"],"_links":{"self":[{"href":"https:\/\/odlar.media\/index.php?rest_route=\/wp\/v2\/posts\/84718","targetHints":{"allow":["GET"]}}],"collection":[{"href":"https:\/\/odlar.media\/index.php?rest_route=\/wp\/v2\/posts"}],"about":[{"href":"https:\/\/odlar.media\/index.php?rest_route=\/wp\/v2\/types\/post"}],"author":[{"embeddable":true,"href":"https:\/\/odlar.media\/index.php?rest_route=\/wp\/v2\/users\/537"}],"replies":[{"embeddable":true,"href":"https:\/\/odlar.media\/index.php?rest_route=%2Fwp%2Fv2%2Fcomments&post=84718"}],"version-history":[{"count":2,"href":"https:\/\/odlar.media\/index.php?rest_route=\/wp\/v2\/posts\/84718\/revisions"}],"predecessor-version":[{"id":84721,"href":"https:\/\/odlar.media\/index.php?rest_route=\/wp\/v2\/posts\/84718\/revisions\/84721"}],"wp:featuredmedia":[{"embeddable":true,"href":"https:\/\/odlar.media\/index.php?rest_route=\/wp\/v2\/media\/84719"}],"wp:attachment":[{"href":"https:\/\/odlar.media\/index.php?rest_route=%2Fwp%2Fv2%2Fmedia&parent=84718"}],"wp:term":[{"taxonomy":"category","embeddable":true,"href":"https:\/\/odlar.media\/index.php?rest_route=%2Fwp%2Fv2%2Fcategories&post=84718"},{"taxonomy":"post_tag","embeddable":true,"href":"https:\/\/odlar.media\/index.php?rest_route=%2Fwp%2Fv2%2Ftags&post=84718"}],"curies":[{"name":"wp","href":"https:\/\/api.w.org\/{rel}","templated":true}]}}