{"id":84714,"date":"2026-09-02T10:05:24","date_gmt":"2026-09-02T06:05:24","guid":{"rendered":"https:\/\/odlar.media\/?p=84714"},"modified":"2026-09-02T10:05:24","modified_gmt":"2026-09-02T06:05:24","slug":"nepalda-dasqin-f%c9%99lak%c9%99ti-ol%c9%99nl%c9%99rin-sayi-1-127-y%c9%99-yuks%c9%99lib-4-858-n%c9%99f%c9%99r-itkin-dusub","status":"publish","type":"post","link":"https:\/\/odlar.media\/?p=84714","title":{"rendered":"Nepalda da\u015fq\u0131n f\u0259lak\u0259ti: \u00f6l\u0259nl\u0259rin say\u0131 1 127-y\u0259 y\u00fcks\u0259lib, 4 858 n\u0259f\u0259r itkin d\u00fc\u015f\u00fcb"},"content":{"rendered":"<p><strong>Odlar.media<\/strong> x\u0259b\u0259r verir ki, Nepalda avqustun 26-da ba\u015f ver\u0259n da\u011f\u0131d\u0131c\u0131 da\u015fq\u0131nlar n\u0259tic\u0259sind\u0259 \u00f6l\u0259nl\u0259rin say\u0131 1 127 n\u0259f\u0259r\u0259 \u00e7at\u0131b.<br \/>\nYerli median\u0131n Nepal polisin\u0259 istinad\u0259n yayd\u0131\u011f\u0131 m\u0259lumata g\u00f6r\u0259, haz\u0131rda 4 858 n\u0259f\u0259rin taleyind\u0259n x\u0259b\u0259r yoxdur. Onlar\u0131n tap\u0131lmas\u0131 istiqam\u0259tind\u0259 axtar\u0131\u015f-xilasetm\u0259 \u0259m\u0259liyyatlar\u0131 davam etdirilir.<br \/>\nXat\u0131rladaq ki, avqustun 26-da Nepal\u0131n \u015fimal\u0131nda g\u00fccl\u00fc da\u015fq\u0131n ba\u015f verib. F\u0259lak\u0259t Rasuva b\u00f6lg\u0259si v\u0259 \u0259traf \u0259razil\u0259rd\u0259 ciddi da\u011f\u0131nt\u0131lara s\u0259b\u0259b olub. \u0130lkin m\u0259lumatlara \u0259sas\u0259n, hadis\u0259y\u0259 Nepal-\u00c7in s\u0259rh\u0259dind\u0259, \u201cRasuvaqadi\u201d s\u0259rh\u0259d-ke\u00e7id m\u0259nt\u0259q\u0259sind\u0259n t\u0259xmin\u0259n 20 kilometr \u015fimal-\u015f\u0259rqd\u0259 ba\u015f ver\u0259n qaya v\u0259 buzlaq k\u00fctl\u0259sinin \u00e7\u00f6km\u0259si n\u0259tic\u0259sind\u0259 yaranan sel s\u0259b\u0259b olub.<br \/>\nAxtar\u0131\u015f-xilasetm\u0259 i\u015fl\u0259ri \u00e7\u0259tin hava \u015f\u0259raiti, da\u011f\u0131lan yollar v\u0259 dig\u0259r infrastrukturun z\u0259d\u0259l\u0259nm\u0259si fonunda davam etdirilir.<\/p>\n<p><strong>Odlar.media<\/strong><\/p>\n","protected":false},"excerpt":{"rendered":"<p>Odlar.media x\u0259b\u0259r verir ki, Nepalda avqustun 26-da ba\u015f ver\u0259n da\u011f\u0131d\u0131c\u0131 da\u015fq\u0131nlar n\u0259tic\u0259sind\u0259 \u00f6l\u0259nl\u0259rin say\u0131 1 127 n\u0259f\u0259r\u0259 \u00e7at\u0131b. Yerli median\u0131n Nepal polisin\u0259 istinad\u0259n yayd\u0131\u011f\u0131 m\u0259lumata g\u00f6r\u0259, haz\u0131rda 4 858 n\u0259f\u0259rin&hellip; <\/p>\n","protected":false},"author":537,"featured_media":84715,"comment_status":"closed","ping_status":"closed","sticky":false,"template":"","format":"standard","meta":{"footnotes":""},"categories":[55],"tags":[],"class_list":["post-84714","post","type-post","status-publish","format-standard","has-post-thumbnail","hentry","category-dunya"],"_links":{"self":[{"href":"https:\/\/odlar.media\/index.php?rest_route=\/wp\/v2\/posts\/84714","targetHints":{"allow":["GET"]}}],"collection":[{"href":"https:\/\/odlar.media\/index.php?rest_route=\/wp\/v2\/posts"}],"about":[{"href":"https:\/\/odlar.media\/index.php?rest_route=\/wp\/v2\/types\/post"}],"author":[{"embeddable":true,"href":"https:\/\/odlar.media\/index.php?rest_route=\/wp\/v2\/users\/537"}],"replies":[{"embeddable":true,"href":"https:\/\/odlar.media\/index.php?rest_route=%2Fwp%2Fv2%2Fcomments&post=84714"}],"version-history":[{"count":2,"href":"https:\/\/odlar.media\/index.php?rest_route=\/wp\/v2\/posts\/84714\/revisions"}],"predecessor-version":[{"id":84717,"href":"https:\/\/odlar.media\/index.php?rest_route=\/wp\/v2\/posts\/84714\/revisions\/84717"}],"wp:featuredmedia":[{"embeddable":true,"href":"https:\/\/odlar.media\/index.php?rest_route=\/wp\/v2\/media\/84715"}],"wp:attachment":[{"href":"https:\/\/odlar.media\/index.php?rest_route=%2Fwp%2Fv2%2Fmedia&parent=84714"}],"wp:term":[{"taxonomy":"category","embeddable":true,"href":"https:\/\/odlar.media\/index.php?rest_route=%2Fwp%2Fv2%2Fcategories&post=84714"},{"taxonomy":"post_tag","embeddable":true,"href":"https:\/\/odlar.media\/index.php?rest_route=%2Fwp%2Fv2%2Ftags&post=84714"}],"curies":[{"name":"wp","href":"https:\/\/api.w.org\/{rel}","templated":true}]}}