{"id":84702,"date":"2026-09-01T18:21:35","date_gmt":"2026-09-01T14:21:35","guid":{"rendered":"https:\/\/odlar.media\/?p=84702"},"modified":"2026-09-01T18:21:35","modified_gmt":"2026-09-01T14:21:35","slug":"lamiyy%c9%99-el%c9%99kb%c9%99rova-tmb-kanalinda-r%c9%99hb%c9%99r-v%c9%99zif%c9%99y%c9%99-g%c9%99tirilib","status":"publish","type":"post","link":"https:\/\/odlar.media\/?p=84702","title":{"rendered":"Lamiyy\u0259 \u018fl\u0259kb\u0259rova TMB kanal\u0131nda r\u0259hb\u0259r v\u0259zif\u0259y\u0259 g\u0259tirilib"},"content":{"rendered":"<p>&nbsp;<\/p>\n<p><span style=\"color: #ff0000;\"><strong>Odlar.media<\/strong><\/span> x\u0259b\u0259r verir ki, tan\u0131nm\u0131\u015f televiziya apar\u0131c\u0131s\u0131 v\u0259 media m\u00fct\u0259x\u0259ssisi Lamiyy\u0259 \u018fl\u0259kb\u0259rova f\u0259aliyy\u0259tini yeni televiziya kanal\u0131nda davam etdir\u0259c\u0259k.<br \/>\n\u018fld\u0259 olunan m\u0259lumata g\u00f6r\u0259, Lamiyy\u0259 \u018fl\u0259kb\u0259rova TMB kanal\u0131nda icra\u00e7\u0131 direktor v\u0259zif\u0259sin\u0259 t\u0259yin olunub. O, art\u0131q bir ne\u00e7\u0259 g\u00fcnd\u00fcr yeni v\u0259zif\u0259sinin icras\u0131na ba\u015flay\u0131b.<br \/>\nTeleviziya sah\u0259sind\u0259 uzunillik t\u0259cr\u00fcb\u0259y\u0259 malik olan Lamiyy\u0259 \u018fl\u0259kb\u0259rova m\u00fcxt\u0259lif ill\u0259rd\u0259 bir s\u0131ra apar\u0131c\u0131 media qurumlar\u0131nda r\u0259hb\u0259r v\u0259zif\u0259l\u0259rd\u0259 \u00e7al\u0131\u015f\u0131b.<br \/>\nO, 1995\u20132006-c\u0131 ill\u0259rd\u0259 Az\u0259rbaycan D\u00f6vl\u0259t Televiziyas\u0131nda rejissor v\u0259 apar\u0131c\u0131 kimi f\u0259aliyy\u0259t g\u00f6st\u0259rib. Daha sonra 2006\u20132017-ci ill\u0259rd\u0259 Lider Televiziyas\u0131nda ba\u015f rejissor v\u0259 direktor m\u00fcavini v\u0259zif\u0259l\u0259rind\u0259 \u00e7al\u0131\u015f\u0131b.<br \/>\nLamiyy\u0259 \u018fl\u0259kb\u0259rova 2017\u20132018-ci ill\u0259rd\u0259 \u0130ctimai Televiziyan\u0131n Musiqi v\u0259 x\u00fcsusi layih\u0259l\u0259r departamentin\u0259 r\u0259hb\u0259rlik edib. 2018\u20132023-c\u00fc ill\u0259rd\u0259 M\u0259d\u0259niyy\u0259t kanal\u0131nda direktor m\u00fcavini, 2023\u20132026-c\u0131 ill\u0259rd\u0259 is\u0259 MTV Az\u0259rbaycan kanal\u0131nda Musiqi departamentinin direktoru v\u0259zif\u0259sini tutub.<br \/>\nOnun TMB kanal\u0131ndak\u0131 yeni f\u0259aliyy\u0259ti il\u0259 ba\u011fl\u0131 qar\u015f\u0131dak\u0131 d\u00f6vrd\u0259 h\u0259yata ke\u00e7iril\u0259c\u0259k layih\u0259l\u0259r d\u0259 maraq do\u011furur.<\/p>\n<p><span style=\"color: #ff0000;\"><strong>M\u0259nb\u0259: Odlar.media<\/strong><\/span><\/p>\n","protected":false},"excerpt":{"rendered":"<p>&nbsp; Odlar.media x\u0259b\u0259r verir ki, tan\u0131nm\u0131\u015f televiziya apar\u0131c\u0131s\u0131 v\u0259 media m\u00fct\u0259x\u0259ssisi Lamiyy\u0259 \u018fl\u0259kb\u0259rova f\u0259aliyy\u0259tini yeni televiziya kanal\u0131nda davam etdir\u0259c\u0259k. \u018fld\u0259 olunan m\u0259lumata g\u00f6r\u0259, Lamiyy\u0259 \u018fl\u0259kb\u0259rova TMB kanal\u0131nda icra\u00e7\u0131 direktor v\u0259zif\u0259sin\u0259&hellip; <\/p>\n","protected":false},"author":537,"featured_media":84703,"comment_status":"closed","ping_status":"closed","sticky":false,"template":"","format":"standard","meta":{"footnotes":""},"categories":[1,57],"tags":[],"class_list":["post-84702","post","type-post","status-publish","format-standard","has-post-thumbnail","hentry","category-manset","category-mdniyyt"],"_links":{"self":[{"href":"https:\/\/odlar.media\/index.php?rest_route=\/wp\/v2\/posts\/84702","targetHints":{"allow":["GET"]}}],"collection":[{"href":"https:\/\/odlar.media\/index.php?rest_route=\/wp\/v2\/posts"}],"about":[{"href":"https:\/\/odlar.media\/index.php?rest_route=\/wp\/v2\/types\/post"}],"author":[{"embeddable":true,"href":"https:\/\/odlar.media\/index.php?rest_route=\/wp\/v2\/users\/537"}],"replies":[{"embeddable":true,"href":"https:\/\/odlar.media\/index.php?rest_route=%2Fwp%2Fv2%2Fcomments&post=84702"}],"version-history":[{"count":2,"href":"https:\/\/odlar.media\/index.php?rest_route=\/wp\/v2\/posts\/84702\/revisions"}],"predecessor-version":[{"id":84705,"href":"https:\/\/odlar.media\/index.php?rest_route=\/wp\/v2\/posts\/84702\/revisions\/84705"}],"wp:featuredmedia":[{"embeddable":true,"href":"https:\/\/odlar.media\/index.php?rest_route=\/wp\/v2\/media\/84703"}],"wp:attachment":[{"href":"https:\/\/odlar.media\/index.php?rest_route=%2Fwp%2Fv2%2Fmedia&parent=84702"}],"wp:term":[{"taxonomy":"category","embeddable":true,"href":"https:\/\/odlar.media\/index.php?rest_route=%2Fwp%2Fv2%2Fcategories&post=84702"},{"taxonomy":"post_tag","embeddable":true,"href":"https:\/\/odlar.media\/index.php?rest_route=%2Fwp%2Fv2%2Ftags&post=84702"}],"curies":[{"name":"wp","href":"https:\/\/api.w.org\/{rel}","templated":true}]}}