{"id":84698,"date":"2026-09-01T16:50:18","date_gmt":"2026-09-01T12:50:18","guid":{"rendered":"https:\/\/odlar.media\/?p=84698"},"modified":"2026-09-01T16:50:18","modified_gmt":"2026-09-01T12:50:18","slug":"ai-ukraynaya-90-milyard-avroluq-yardim-paketin%c9%99-yenid%c9%99n-baxmayacaq","status":"publish","type":"post","link":"https:\/\/odlar.media\/?p=84698","title":{"rendered":"A\u0130 Ukraynaya 90 milyard avroluq yard\u0131m paketin\u0259 yenid\u0259n baxmayacaq"},"content":{"rendered":"<p><strong>Odlar.media<\/strong> x\u0259b\u0259r verir ki, Avropa Komissiyas\u0131 Ukraynaya 2026\u20132027-ci ill\u0259r \u00fc\u00e7\u00fcn t\u0259sdiql\u0259nmi\u015f 90 milyard avro h\u0259cmind\u0259 maliyy\u0259 yard\u0131m paketin\u0259 h\u0259l\u0259lik yenid\u0259n baxma\u011f\u0131 planla\u015fd\u0131rm\u0131r.<br \/>\nBu bar\u0259d\u0259 Br\u00fcsseld\u0259 ke\u00e7iril\u0259n brifinqd\u0259 Avropa Komissiyas\u0131n\u0131n m\u0259tbuat xidm\u0259tinin r\u0259hb\u0259ri Paula Pinyo m\u0259lumat verib.<br \/>\nOnun s\u00f6zl\u0259rin\u0259 g\u00f6r\u0259, Kiyevin \u00f6d\u0259ni\u015fl\u0259rin s\u00fcr\u0259tl\u0259ndirilm\u0259si v\u0259 Ukraynan\u0131n m\u00fcdafi\u0259 b\u00fcdc\u0259sind\u0259 yaranan t\u0259xmin\u0259n 23 milyard avroluq k\u0259sirin ba\u011flanmas\u0131 il\u0259 ba\u011fl\u0131 m\u00fcraci\u0259ti d\u0259 haz\u0131rda n\u0259z\u0259rd\u0259n ke\u00e7irilm\u0259yib.<br \/>\nPaula Pinyo bildirib ki, Ukraynan\u0131n artan maliyy\u0259 ehtiyaclar\u0131 v\u0259 Rusiya t\u0259r\u0259find\u0259n eskalasiyan\u0131n davam etm\u0259si fonunda \u0259lav\u0259 maliyy\u0259l\u0259\u015fdirm\u0259 m\u0259s\u0259l\u0259sinin m\u00fczakir\u0259y\u0259 \u00e7\u0131xar\u0131l\u0131b-\u00e7\u0131xar\u0131lmayaca\u011f\u0131 il\u0259 ba\u011fl\u0131 haz\u0131rda \u0259sas diqq\u0259t art\u0131q t\u0259sdiql\u0259nmi\u015f maliyy\u0259 mexanizminin icras\u0131na y\u00f6n\u0259ldilib.<br \/>\nO qeyd edib ki, m\u00f6vcud yard\u0131m paketi \u00e7\u0259r\u00e7iv\u0259sind\u0259 kifay\u0259t q\u0259d\u0259r iddial\u0131 \u00f6d\u0259ni\u015f qrafiki m\u00fc\u0259yy\u0259nl\u0259\u015fdirilib v\u0259 haz\u0131rda diqq\u0259t bu \u00f6hd\u0259likl\u0259rin yerin\u0259 yetirilm\u0259sin\u0259 y\u00f6n\u0259lib.<br \/>\nXat\u0131rladaq ki, \u00f6t\u0259n h\u0259ft\u0259 Ukrayna Prezidenti Volodimir Zelenski m\u00fctt\u0259fiql\u0259rini \u00f6lk\u0259nin M\u00fcdafi\u0259 Nazirliyinin b\u00fcdc\u0259sind\u0259 yaranm\u0131\u015f k\u0259sirin qar\u015f\u0131lanmas\u0131 \u00fc\u00e7\u00fcn \u0259lav\u0259 maliyy\u0259 v\u0259saiti tapma\u011fa \u00e7a\u011f\u0131r\u0131b. Zelenski x\u00fcsusil\u0259 Avropa kreditinin 2027-ci il \u00fc\u00e7\u00fcn n\u0259z\u0259rd\u0259 tutulan v\u0259saitinin bir hiss\u0259sinin vaxt\u0131ndan \u0259vv\u0259l ayr\u0131lmas\u0131n\u0131 t\u0259klif edib.<br \/>\nKiyev, h\u0259m\u00e7inin dondurulmu\u015f Rusiya d\u00f6vl\u0259t aktivl\u0259rind\u0259n Ukraynan\u0131n maliyy\u0259l\u0259\u015fdirilm\u0259si m\u0259qs\u0259dil\u0259 istifad\u0259 olunmas\u0131 m\u0259s\u0259l\u0259sini yenid\u0259n g\u00fcnd\u0259m\u0259 g\u0259tirib.<br \/>\nAvropa Komissiyas\u0131 is\u0259 haz\u0131rda t\u0259sdiql\u0259nmi\u015f maliyy\u0259 mexanizminin d\u0259yi\u015fdirilm\u0259sini n\u0259z\u0259rd\u0259 tutmur. Pinyo bildirib ki, 90 milyard avroluq kredit paketi t\u0259sdiql\u0259n\u0259rk\u0259n bu m\u0259bl\u0259\u011fin Ukraynan\u0131n 2026\u20132027-ci ill\u0259r \u00fczr\u0259 b\u00fcdc\u0259 v\u0259 m\u00fcdafi\u0259 ehtiyaclar\u0131n\u0131n t\u0259xmin\u0259n \u00fc\u00e7d\u0259 ikisini qar\u015f\u0131lamas\u0131 n\u0259z\u0259rd\u0259 tutulub.<br \/>\nA\u0130-nin hesablamalar\u0131na \u0259sas\u0259n, Ukraynan\u0131n maliyy\u0259 ehtiyaclar\u0131n\u0131n qalan \u00fc\u00e7d\u0259 biri is\u0259 beyn\u0259lxalq t\u0259r\u0259fda\u015flar t\u0259r\u0259find\u0259n t\u0259min edilm\u0259lidir.<\/p>\n<p><strong>Odlar.media<\/strong><\/p>\n","protected":false},"excerpt":{"rendered":"<p>Odlar.media x\u0259b\u0259r verir ki, Avropa Komissiyas\u0131 Ukraynaya 2026\u20132027-ci ill\u0259r \u00fc\u00e7\u00fcn t\u0259sdiql\u0259nmi\u015f 90 milyard avro h\u0259cmind\u0259 maliyy\u0259 yard\u0131m paketin\u0259 h\u0259l\u0259lik yenid\u0259n baxma\u011f\u0131 planla\u015fd\u0131rm\u0131r. Bu bar\u0259d\u0259 Br\u00fcsseld\u0259 ke\u00e7iril\u0259n brifinqd\u0259 Avropa Komissiyas\u0131n\u0131n m\u0259tbuat&hellip; <\/p>\n","protected":false},"author":537,"featured_media":84699,"comment_status":"closed","ping_status":"closed","sticky":false,"template":"","format":"standard","meta":{"footnotes":""},"categories":[55],"tags":[],"class_list":["post-84698","post","type-post","status-publish","format-standard","has-post-thumbnail","hentry","category-dunya"],"_links":{"self":[{"href":"https:\/\/odlar.media\/index.php?rest_route=\/wp\/v2\/posts\/84698","targetHints":{"allow":["GET"]}}],"collection":[{"href":"https:\/\/odlar.media\/index.php?rest_route=\/wp\/v2\/posts"}],"about":[{"href":"https:\/\/odlar.media\/index.php?rest_route=\/wp\/v2\/types\/post"}],"author":[{"embeddable":true,"href":"https:\/\/odlar.media\/index.php?rest_route=\/wp\/v2\/users\/537"}],"replies":[{"embeddable":true,"href":"https:\/\/odlar.media\/index.php?rest_route=%2Fwp%2Fv2%2Fcomments&post=84698"}],"version-history":[{"count":2,"href":"https:\/\/odlar.media\/index.php?rest_route=\/wp\/v2\/posts\/84698\/revisions"}],"predecessor-version":[{"id":84701,"href":"https:\/\/odlar.media\/index.php?rest_route=\/wp\/v2\/posts\/84698\/revisions\/84701"}],"wp:featuredmedia":[{"embeddable":true,"href":"https:\/\/odlar.media\/index.php?rest_route=\/wp\/v2\/media\/84699"}],"wp:attachment":[{"href":"https:\/\/odlar.media\/index.php?rest_route=%2Fwp%2Fv2%2Fmedia&parent=84698"}],"wp:term":[{"taxonomy":"category","embeddable":true,"href":"https:\/\/odlar.media\/index.php?rest_route=%2Fwp%2Fv2%2Fcategories&post=84698"},{"taxonomy":"post_tag","embeddable":true,"href":"https:\/\/odlar.media\/index.php?rest_route=%2Fwp%2Fv2%2Ftags&post=84698"}],"curies":[{"name":"wp","href":"https:\/\/api.w.org\/{rel}","templated":true}]}}