{"id":84689,"date":"2026-09-01T15:58:00","date_gmt":"2026-09-01T11:58:00","guid":{"rendered":"https:\/\/odlar.media\/?p=84689"},"modified":"2026-09-01T15:58:00","modified_gmt":"2026-09-01T11:58:00","slug":"dilar%c9%99-eliyevadan-qayinatasi-vidadi-eliyev%c9%99-duygusal-t%c9%99brik-yasayin-ki-oqtayin-ruhu-sad-olsun","status":"publish","type":"post","link":"https:\/\/odlar.media\/?p=84689","title":{"rendered":"Dilar\u0259 \u018fliyevadan qay\u0131natas\u0131 Vidadi \u018fliyev\u0259 duy\u011fusal t\u0259brik: \u201cYa\u015fay\u0131n ki, Oqtay\u0131n ruhu \u015fad olsun\u201d"},"content":{"rendered":"<p><strong><span style=\"color: #ff0000;\">Odlar.media<\/span><\/strong> x\u0259b\u0259r verir ki, \u018fm\u0259kdar artist Dilar\u0259 \u018fliyeva qay\u0131natas\u0131, Xalq artisti Vidadi \u018fliyevin 81 ya\u015f\u0131 tamam olmas\u0131 m\u00fcnasib\u0259til\u0259 sosial \u015f\u0259b\u0259k\u0259d\u0259 payla\u015f\u0131m edib.<br \/>\nAktrisa payla\u015f\u0131m\u0131nda Xalq artistini do\u011fum g\u00fcn\u00fc m\u00fcnasib\u0259til\u0259 t\u0259brik ed\u0259r\u0259k ona uzun \u00f6m\u00fcr v\u0259 cansa\u011fl\u0131\u011f\u0131 arzulay\u0131b:<br \/>\n\u201cSiz\u0259 uzun \u00f6m\u00fcr arzulay\u0131ram! \u00c7ox, lap \u00e7ox ya\u015fay\u0131n! Ya\u015fay\u0131n ki, Oqtay\u0131n ruhu \u015fad olsun! \u00c7\u00fcnki, \u0259limizd\u0259n yaln\u0131z bu g\u0259lir!\u201d.<br \/>\nVidadi \u018fliyevin o\u011flu, apar\u0131c\u0131 El\u00e7in \u018flib\u0259yli d\u0259 atas\u0131n\u0131n do\u011fum g\u00fcn\u00fc il\u0259 ba\u011fl\u0131 payla\u015f\u0131m edib. O, atas\u0131na \u00fcnvanlad\u0131\u011f\u0131 t\u0259brikd\u0259 \u201cBu g\u00fcn 81 ya\u015f\u0131n tamam oldu! M\u0259nim \u00fc\u00e7\u00fcn \u0259n b\u00f6y\u00fck adamsan! S\u0259n\u0259 sa\u011fl\u0131q dil\u0259yir\u0259m!\u201d s\u00f6zl\u0259rini yaz\u0131b.<br \/>\nQeyd ed\u0259k ki, Dilar\u0259 \u018fliyeva Vidadi \u018fliyevin o\u011flu, m\u0259rhum prod\u00fcser Oqtay \u018fliyevl\u0259 ail\u0259li olub. Oqtay \u018fliyev 2023-c\u00fc il mart\u0131n 22-d\u0259 avtomobil q\u0259zas\u0131 n\u0259tic\u0259sind\u0259 v\u0259fat edib.<\/p>\n<p><span style=\"color: #ff0000;\"><strong>Odlar.media<\/strong><\/span><\/p>\n","protected":false},"excerpt":{"rendered":"<p>Odlar.media x\u0259b\u0259r verir ki, \u018fm\u0259kdar artist Dilar\u0259 \u018fliyeva qay\u0131natas\u0131, Xalq artisti Vidadi \u018fliyevin 81 ya\u015f\u0131 tamam olmas\u0131 m\u00fcnasib\u0259til\u0259 sosial \u015f\u0259b\u0259k\u0259d\u0259 payla\u015f\u0131m edib. Aktrisa payla\u015f\u0131m\u0131nda Xalq artistini do\u011fum g\u00fcn\u00fc m\u00fcnasib\u0259til\u0259 t\u0259brik&hellip; <\/p>\n","protected":false},"author":537,"featured_media":84691,"comment_status":"closed","ping_status":"closed","sticky":false,"template":"","format":"standard","meta":{"footnotes":""},"categories":[1,57],"tags":[],"class_list":["post-84689","post","type-post","status-publish","format-standard","has-post-thumbnail","hentry","category-manset","category-mdniyyt"],"_links":{"self":[{"href":"https:\/\/odlar.media\/index.php?rest_route=\/wp\/v2\/posts\/84689","targetHints":{"allow":["GET"]}}],"collection":[{"href":"https:\/\/odlar.media\/index.php?rest_route=\/wp\/v2\/posts"}],"about":[{"href":"https:\/\/odlar.media\/index.php?rest_route=\/wp\/v2\/types\/post"}],"author":[{"embeddable":true,"href":"https:\/\/odlar.media\/index.php?rest_route=\/wp\/v2\/users\/537"}],"replies":[{"embeddable":true,"href":"https:\/\/odlar.media\/index.php?rest_route=%2Fwp%2Fv2%2Fcomments&post=84689"}],"version-history":[{"count":2,"href":"https:\/\/odlar.media\/index.php?rest_route=\/wp\/v2\/posts\/84689\/revisions"}],"predecessor-version":[{"id":84693,"href":"https:\/\/odlar.media\/index.php?rest_route=\/wp\/v2\/posts\/84689\/revisions\/84693"}],"wp:featuredmedia":[{"embeddable":true,"href":"https:\/\/odlar.media\/index.php?rest_route=\/wp\/v2\/media\/84691"}],"wp:attachment":[{"href":"https:\/\/odlar.media\/index.php?rest_route=%2Fwp%2Fv2%2Fmedia&parent=84689"}],"wp:term":[{"taxonomy":"category","embeddable":true,"href":"https:\/\/odlar.media\/index.php?rest_route=%2Fwp%2Fv2%2Fcategories&post=84689"},{"taxonomy":"post_tag","embeddable":true,"href":"https:\/\/odlar.media\/index.php?rest_route=%2Fwp%2Fv2%2Ftags&post=84689"}],"curies":[{"name":"wp","href":"https:\/\/api.w.org\/{rel}","templated":true}]}}