{"id":84677,"date":"2026-09-01T12:38:55","date_gmt":"2026-09-01T08:38:55","guid":{"rendered":"https:\/\/odlar.media\/?p=84677"},"modified":"2026-09-01T12:38:55","modified_gmt":"2026-09-01T08:38:55","slug":"pezeskian-abs-a-mesaj-gond%c9%99rdi-ohd%c9%99likl%c9%99riniz%c9%99-%c9%99m%c9%99l-edin-qarsiligini-ver%c9%99k","status":"publish","type":"post","link":"https:\/\/odlar.media\/?p=84677","title":{"rendered":"Peze\u015fkian AB\u015e-a mesaj g\u00f6nd\u0259rdi: \u201c\u00d6hd\u0259likl\u0259riniz\u0259 \u0259m\u0259l edin, qar\u015f\u0131l\u0131\u011f\u0131n\u0131 ver\u0259k\u201d"},"content":{"rendered":"<p><strong>Odlar.media<\/strong> x\u0259b\u0259r verir ki, \u0130ran Prezidenti M\u0259sud Peze\u015fkian AB\u015e-\u0131n \u0130slamabad memorandumunda n\u0259z\u0259rd\u0259 tutulan \u015f\u0259rtl\u0259r\u0259 \u0259m\u0259l etm\u0259y\u0259 qay\u0131daca\u011f\u0131 t\u0259qdird\u0259, Tehran\u0131n da buna qar\u015f\u0131l\u0131q ver\u0259c\u0259yini bildirib.<br \/>\nPeze\u015fkian bu bar\u0259d\u0259 \u015eanxay \u018fm\u0259kda\u015fl\u0131q T\u0259\u015fkilat\u0131n\u0131n D\u00f6vl\u0259t Ba\u015f\u00e7\u0131lar\u0131 \u015euras\u0131n\u0131n iclas\u0131nda \u00e7\u0131x\u0131\u015f\u0131 zaman\u0131 dan\u0131\u015f\u0131b.<br \/>\n\u0130ran Prezidenti qeyd edib ki, Va\u015finqtonun \u0259vv\u0259lki raz\u0131la\u015fmalar \u00fczr\u0259 \u00f6hd\u0259likl\u0259rini pozmas\u0131na Tehran adekvat cavab verib. Onun s\u00f6zl\u0259rin\u0259 g\u00f6r\u0259, AB\u015e \u00f6z raz\u0131la\u015fmalar\u0131na yenid\u0259n \u0259m\u0259l etm\u0259y\u0259 ba\u015flayarsa, \u0130ran da qar\u015f\u0131l\u0131ql\u0131 add\u0131mlar atma\u011fa haz\u0131rd\u0131r.<br \/>\nPeze\u015fkian vur\u011fulay\u0131b ki, \u0130ran beyn\u0259lxalq \u00f6hd\u0259likl\u0259r\u0259 sadiqlik bax\u0131m\u0131ndan AB\u015e-dan f\u0259rqli olaraq q\u00fcsursuz t\u0259cr\u00fcb\u0259y\u0259 malikdir v\u0259 beyn\u0259lxalq h\u00fcququn normalar\u0131na ciddi \u015f\u0259kild\u0259 \u0259m\u0259l edir.<br \/>\n\u0130ran Prezidenti daha \u0259vv\u0259l \u0130slamabad memorandumunu s\u00fclh bax\u0131m\u0131ndan tarixi s\u0259n\u0259d kimi qiym\u0259tl\u0259ndirib. Onun s\u00f6zl\u0259rin\u0259 g\u00f6r\u0259, s\u0259n\u0259d qar\u015f\u0131l\u0131ql\u0131 h\u00f6rm\u0259t \u0259sas\u0131nda s\u00fclh\u00fcn m\u00fcmk\u00fcn oldu\u011funu n\u00fcmayi\u015f etdirib.<\/p>\n<p><strong>Odlar.media<\/strong><\/p>\n","protected":false},"excerpt":{"rendered":"<p>Odlar.media x\u0259b\u0259r verir ki, \u0130ran Prezidenti M\u0259sud Peze\u015fkian AB\u015e-\u0131n \u0130slamabad memorandumunda n\u0259z\u0259rd\u0259 tutulan \u015f\u0259rtl\u0259r\u0259 \u0259m\u0259l etm\u0259y\u0259 qay\u0131daca\u011f\u0131 t\u0259qdird\u0259, Tehran\u0131n da buna qar\u015f\u0131l\u0131q ver\u0259c\u0259yini bildirib. Peze\u015fkian bu bar\u0259d\u0259 \u015eanxay \u018fm\u0259kda\u015fl\u0131q T\u0259\u015fkilat\u0131n\u0131n&hellip; <\/p>\n","protected":false},"author":537,"featured_media":84678,"comment_status":"closed","ping_status":"closed","sticky":false,"template":"","format":"standard","meta":{"footnotes":""},"categories":[75],"tags":[],"class_list":["post-84677","post","type-post","status-publish","format-standard","has-post-thumbnail","hentry","category-xbrlr"],"_links":{"self":[{"href":"https:\/\/odlar.media\/index.php?rest_route=\/wp\/v2\/posts\/84677","targetHints":{"allow":["GET"]}}],"collection":[{"href":"https:\/\/odlar.media\/index.php?rest_route=\/wp\/v2\/posts"}],"about":[{"href":"https:\/\/odlar.media\/index.php?rest_route=\/wp\/v2\/types\/post"}],"author":[{"embeddable":true,"href":"https:\/\/odlar.media\/index.php?rest_route=\/wp\/v2\/users\/537"}],"replies":[{"embeddable":true,"href":"https:\/\/odlar.media\/index.php?rest_route=%2Fwp%2Fv2%2Fcomments&post=84677"}],"version-history":[{"count":2,"href":"https:\/\/odlar.media\/index.php?rest_route=\/wp\/v2\/posts\/84677\/revisions"}],"predecessor-version":[{"id":84680,"href":"https:\/\/odlar.media\/index.php?rest_route=\/wp\/v2\/posts\/84677\/revisions\/84680"}],"wp:featuredmedia":[{"embeddable":true,"href":"https:\/\/odlar.media\/index.php?rest_route=\/wp\/v2\/media\/84678"}],"wp:attachment":[{"href":"https:\/\/odlar.media\/index.php?rest_route=%2Fwp%2Fv2%2Fmedia&parent=84677"}],"wp:term":[{"taxonomy":"category","embeddable":true,"href":"https:\/\/odlar.media\/index.php?rest_route=%2Fwp%2Fv2%2Fcategories&post=84677"},{"taxonomy":"post_tag","embeddable":true,"href":"https:\/\/odlar.media\/index.php?rest_route=%2Fwp%2Fv2%2Ftags&post=84677"}],"curies":[{"name":"wp","href":"https:\/\/api.w.org\/{rel}","templated":true}]}}