{"id":84664,"date":"2026-09-01T11:17:59","date_gmt":"2026-09-01T07:17:59","guid":{"rendered":"https:\/\/odlar.media\/?p=84664"},"modified":"2026-09-01T11:17:59","modified_gmt":"2026-09-01T07:17:59","slug":"ilham-eliyev-biskekd%c9%99-narendra-modi-il%c9%99-gorus-kecirib","status":"publish","type":"post","link":"https:\/\/odlar.media\/?p=84664","title":{"rendered":"\u0130lham \u018fliyev Bi\u015fkekd\u0259 Narendra Modi il\u0259 g\u00f6r\u00fc\u015f ke\u00e7irib"},"content":{"rendered":"<p><span style=\"color: #ff0000;\"><strong>Odlar.media<\/strong><\/span> x\u0259b\u0259r verir ki, Az\u0259rbaycan Respublikas\u0131n\u0131n Prezidenti \u0130lham \u018fliyev Q\u0131r\u011f\u0131z\u0131stan\u0131n paytaxt\u0131 Bi\u015fkekd\u0259 ke\u00e7iril\u0259n \u015eanxay \u018fm\u0259kda\u015fl\u0131q T\u0259\u015fkilat\u0131n\u0131n (\u015e\u018fT) sammiti \u00e7\u0259r\u00e7iv\u0259sind\u0259 Hindistan Respublikas\u0131n\u0131n Ba\u015f naziri Narendra Modi il\u0259 g\u00f6r\u00fc\u015f\u00fcb.<br \/>\nG\u00f6r\u00fc\u015f zaman\u0131 Az\u0259rbaycan il\u0259 Hindistan aras\u0131nda m\u00fcnasib\u0259tl\u0259rin inki\u015faf perspektivl\u0259ri v\u0259 qar\u015f\u0131l\u0131ql\u0131 maraq do\u011furan m\u0259s\u0259l\u0259l\u0259r \u0259traf\u0131nda fikir m\u00fcbadil\u0259si apar\u0131l\u0131b.<br \/>\nQeyd ed\u0259k ki, Bi\u015fkekd\u0259 ke\u00e7iril\u0259n \u015e\u018fT sammitind\u0259 m\u00fcxt\u0259lif \u00f6lk\u0259l\u0259rin d\u00f6vl\u0259t v\u0259 h\u00f6kum\u0259t ba\u015f\u00e7\u0131lar\u0131 i\u015ftirak edir. Sammit \u00e7\u0259r\u00e7iv\u0259sind\u0259 bir s\u0131ra ikit\u0259r\u0259fli g\u00f6r\u00fc\u015fl\u0259r v\u0259 regional m\u0259s\u0259l\u0259l\u0259rin m\u00fczakir\u0259si n\u0259z\u0259rd\u0259 tutulub.<\/p>\n<p><span style=\"color: #ff0000;\"><strong>Odlar.media<\/strong><\/span><\/p>\n","protected":false},"excerpt":{"rendered":"<p>Odlar.media x\u0259b\u0259r verir ki, Az\u0259rbaycan Respublikas\u0131n\u0131n Prezidenti \u0130lham \u018fliyev Q\u0131r\u011f\u0131z\u0131stan\u0131n paytaxt\u0131 Bi\u015fkekd\u0259 ke\u00e7iril\u0259n \u015eanxay \u018fm\u0259kda\u015fl\u0131q T\u0259\u015fkilat\u0131n\u0131n (\u015e\u018fT) sammiti \u00e7\u0259r\u00e7iv\u0259sind\u0259 Hindistan Respublikas\u0131n\u0131n Ba\u015f naziri Narendra Modi il\u0259 g\u00f6r\u00fc\u015f\u00fcb. G\u00f6r\u00fc\u015f zaman\u0131 Az\u0259rbaycan&hellip; <\/p>\n","protected":false},"author":537,"featured_media":84665,"comment_status":"closed","ping_status":"closed","sticky":false,"template":"","format":"standard","meta":{"footnotes":""},"categories":[50,1],"tags":[],"class_list":["post-84664","post","type-post","status-publish","format-standard","has-post-thumbnail","hentry","category-gundm","category-manset"],"_links":{"self":[{"href":"https:\/\/odlar.media\/index.php?rest_route=\/wp\/v2\/posts\/84664","targetHints":{"allow":["GET"]}}],"collection":[{"href":"https:\/\/odlar.media\/index.php?rest_route=\/wp\/v2\/posts"}],"about":[{"href":"https:\/\/odlar.media\/index.php?rest_route=\/wp\/v2\/types\/post"}],"author":[{"embeddable":true,"href":"https:\/\/odlar.media\/index.php?rest_route=\/wp\/v2\/users\/537"}],"replies":[{"embeddable":true,"href":"https:\/\/odlar.media\/index.php?rest_route=%2Fwp%2Fv2%2Fcomments&post=84664"}],"version-history":[{"count":2,"href":"https:\/\/odlar.media\/index.php?rest_route=\/wp\/v2\/posts\/84664\/revisions"}],"predecessor-version":[{"id":84667,"href":"https:\/\/odlar.media\/index.php?rest_route=\/wp\/v2\/posts\/84664\/revisions\/84667"}],"wp:featuredmedia":[{"embeddable":true,"href":"https:\/\/odlar.media\/index.php?rest_route=\/wp\/v2\/media\/84665"}],"wp:attachment":[{"href":"https:\/\/odlar.media\/index.php?rest_route=%2Fwp%2Fv2%2Fmedia&parent=84664"}],"wp:term":[{"taxonomy":"category","embeddable":true,"href":"https:\/\/odlar.media\/index.php?rest_route=%2Fwp%2Fv2%2Fcategories&post=84664"},{"taxonomy":"post_tag","embeddable":true,"href":"https:\/\/odlar.media\/index.php?rest_route=%2Fwp%2Fv2%2Ftags&post=84664"}],"curies":[{"name":"wp","href":"https:\/\/api.w.org\/{rel}","templated":true}]}}