{"id":84656,"date":"2026-09-01T10:52:34","date_gmt":"2026-09-01T06:52:34","guid":{"rendered":"https:\/\/odlar.media\/?p=84656"},"modified":"2026-09-01T10:52:34","modified_gmt":"2026-09-01T06:52:34","slug":"kamal-abdullanin-laokoonlaokoon-romani-turkiy%c9%99d%c9%99-n%c9%99sr-olunub","status":"publish","type":"post","link":"https:\/\/odlar.media\/?p=84656","title":{"rendered":"Kamal Abdullan\u0131n \u201cLaokoon\u2026Laokoon\u2026\u201d roman\u0131 T\u00fcrkiy\u0259d\u0259 n\u0259\u015fr olunub"},"content":{"rendered":"<p><strong>Odlar.media<\/strong> x\u0259b\u0259r verir ki, Xalq yaz\u0131\u00e7\u0131s\u0131 Kamal Abdullan\u0131n \u201cLaokoon\u2026Laokoon\u2026 yaxud bir roman\u0131n \u201cger\u00e7\u0259k\u201d yaz\u0131lma tarix\u00e7\u0259si\u201d roman\u0131 T\u00fcrkiy\u0259d\u0259 i\u015f\u0131q \u00fcz\u00fc g\u00f6r\u00fcb.<br \/>\nYaz\u0131\u00e7\u0131n\u0131n sayca be\u015finci roman\u0131n\u0131 t\u00fcrk dilin\u0259 B\u0259xtiyar Aslan \u00e7evirib. \u018fs\u0259rd\u0259 m\u00fc\u0259llif m\u0259\u015fhur \u201cYar\u0131m\u00e7\u0131q \u0259lyazma\u201d roman\u0131n\u0131n yaz\u0131lma tarix\u00e7\u0259sini \u00f6z\u00fcn\u0259m\u0259xsus b\u0259dii-f\u0259ls\u0259fi yana\u015fma il\u0259 t\u0259qdim edir.<br \/>\nRoman i\u00e7-i\u00e7\u0259 ke\u00e7\u0259n s\u00fcjet v\u0259 f\u0259sill\u0259rd\u0259n ibar\u0259t m\u00fcr\u0259kk\u0259b kompozisiya \u00fcz\u0259rind\u0259 qurulub. \u018fs\u0259rd\u0259 mifoloji zamanla m\u00fcasir zaman aras\u0131nda ke\u00e7idl\u0259r, m\u00fcxt\u0259lif zaman qatlar\u0131n\u0131n bir-birin\u0259 qar\u0131\u015fmas\u0131 diqq\u0259t \u00e7\u0259kir.<br \/>\nRoman\u0131n ba\u015f q\u0259hr\u0259man\u0131 Vaqif bir \u0259s\u0259r yazmaqla m\u0259\u015f\u011fuldur. Onun b\u00fct\u00fcn d\u00fc\u015f\u00fcnc\u0259l\u0259ri v\u0259 daxili d\u00fcnyas\u0131 yazd\u0131\u011f\u0131 roman zaman\u0131 qar\u015f\u0131s\u0131na \u00e7\u0131xan \u201ctan\u0131\u015f v\u0259 yad sonsuz l\u00fc\u011f\u0259t\u201dl\u0259 ba\u011fl\u0131 suallar \u0259traf\u0131nda formala\u015f\u0131r. Vaqif \u00f6z \u015f\u00fcbh\u0259l\u0259rin\u0259 cavablar\u0131 sevgilisi Fir\u0259ngizin g\u00f6zl\u0259nilm\u0259z suallar\u0131nda v\u0259 hadis\u0259l\u0259rin mahiyy\u0259tin\u0259 f\u0259rqli prizmadan i\u015f\u0131q salan bax\u0131\u015flar\u0131nda axtar\u0131r.<br \/>\n\u018fs\u0259r bir t\u0259r\u0259fd\u0259n Vaqifl\u0259 Fir\u0259ngizin sevgi m\u00fcnasib\u0259tl\u0259rind\u0259n b\u0259hs ed\u0259n roman, dig\u0259r t\u0259r\u0259fd\u0259n is\u0259 Vaqifin \u0259s\u0259r boyu yazd\u0131\u011f\u0131 kitab\u0131n \u00f6z\u00fcn\u00fc \u0259ks etdir\u0259n roman kimi t\u0259qdim olunur.<br \/>\n\u201c\u00d6t\u00fcken\u201d n\u0259\u015friyyat\u0131nda \u00e7ap edil\u0259n kitab\u0131n \u00f6n s\u00f6z\u00fc d\u0259 x\u00fcsusi diqq\u0259t \u00e7\u0259kir. \u00c7oxm\u00fc\u0259llifli \u00f6n s\u00f6zd\u0259 Kamal Abdullan\u0131n yarad\u0131c\u0131l\u0131\u011f\u0131 haqq\u0131nda Franko Kardini, Maks Statkiyevi\u00e7, Anastasiya Yermakova, L\u00fcdmila Lavrova, Anar, Ramiz R\u00f6v\u015f\u0259n, \u0130sa H\u0259bibb\u0259yli, Arif Acalo\u011flu, Tehran \u018fli\u015fano\u011flu v\u0259 Aq\u015fin Yeniseyin fikirl\u0259rin\u0259 yer verilib.<br \/>\nQeyd ed\u0259k ki, \u201cLaokoon\u2026Laokoon\u2026 yaxud bir roman\u0131n \u201cger\u00e7\u0259k\u201d yaz\u0131lma tarix\u00e7\u0259si\u201d ilk d\u0259f\u0259 2021-ci ild\u0259 Bak\u0131da, 2022-ci ild\u0259 is\u0259 Almaniyada n\u0259\u015fr olunub. \u018fs\u0259r \u201cAmazon\u201d v\u0259 \u201cThalia\u201d kimi iri internet sat\u0131\u015f platformalar\u0131nda da oxuculara t\u0259qdim edilib.<\/p>\n<p><strong>Odlar.media<\/strong><\/p>\n","protected":false},"excerpt":{"rendered":"<p>Odlar.media x\u0259b\u0259r verir ki, Xalq yaz\u0131\u00e7\u0131s\u0131 Kamal Abdullan\u0131n \u201cLaokoon\u2026Laokoon\u2026 yaxud bir roman\u0131n \u201cger\u00e7\u0259k\u201d yaz\u0131lma tarix\u00e7\u0259si\u201d roman\u0131 T\u00fcrkiy\u0259d\u0259 i\u015f\u0131q \u00fcz\u00fc g\u00f6r\u00fcb. Yaz\u0131\u00e7\u0131n\u0131n sayca be\u015finci roman\u0131n\u0131 t\u00fcrk dilin\u0259 B\u0259xtiyar Aslan \u00e7evirib. \u018fs\u0259rd\u0259&hellip; <\/p>\n","protected":false},"author":537,"featured_media":84658,"comment_status":"closed","ping_status":"closed","sticky":false,"template":"","format":"standard","meta":{"footnotes":""},"categories":[63],"tags":[],"class_list":["post-84656","post","type-post","status-publish","format-standard","has-post-thumbnail","hentry","category-dbiyyat"],"_links":{"self":[{"href":"https:\/\/odlar.media\/index.php?rest_route=\/wp\/v2\/posts\/84656","targetHints":{"allow":["GET"]}}],"collection":[{"href":"https:\/\/odlar.media\/index.php?rest_route=\/wp\/v2\/posts"}],"about":[{"href":"https:\/\/odlar.media\/index.php?rest_route=\/wp\/v2\/types\/post"}],"author":[{"embeddable":true,"href":"https:\/\/odlar.media\/index.php?rest_route=\/wp\/v2\/users\/537"}],"replies":[{"embeddable":true,"href":"https:\/\/odlar.media\/index.php?rest_route=%2Fwp%2Fv2%2Fcomments&post=84656"}],"version-history":[{"count":2,"href":"https:\/\/odlar.media\/index.php?rest_route=\/wp\/v2\/posts\/84656\/revisions"}],"predecessor-version":[{"id":84660,"href":"https:\/\/odlar.media\/index.php?rest_route=\/wp\/v2\/posts\/84656\/revisions\/84660"}],"wp:featuredmedia":[{"embeddable":true,"href":"https:\/\/odlar.media\/index.php?rest_route=\/wp\/v2\/media\/84658"}],"wp:attachment":[{"href":"https:\/\/odlar.media\/index.php?rest_route=%2Fwp%2Fv2%2Fmedia&parent=84656"}],"wp:term":[{"taxonomy":"category","embeddable":true,"href":"https:\/\/odlar.media\/index.php?rest_route=%2Fwp%2Fv2%2Fcategories&post=84656"},{"taxonomy":"post_tag","embeddable":true,"href":"https:\/\/odlar.media\/index.php?rest_route=%2Fwp%2Fv2%2Ftags&post=84656"}],"curies":[{"name":"wp","href":"https:\/\/api.w.org\/{rel}","templated":true}]}}