{"id":84639,"date":"2026-08-31T15:59:23","date_gmt":"2026-08-31T11:59:23","guid":{"rendered":"https:\/\/odlar.media\/?p=84639"},"modified":"2026-08-31T15:59:23","modified_gmt":"2026-08-31T11:59:23","slug":"lacinin-agbulaq-k%c9%99ndind%c9%99-s%c9%99hidl%c9%99rin-xatir%c9%99sin%c9%99-xatir%c9%99-bulagi-acilib","status":"publish","type":"post","link":"https:\/\/odlar.media\/?p=84639","title":{"rendered":"La\u00e7\u0131n\u0131n A\u011fbulaq k\u0259ndind\u0259 \u015f\u0259hidl\u0259rin xatir\u0259sin\u0259 \u201cXatir\u0259 bula\u011f\u0131\u201d a\u00e7\u0131l\u0131b"},"content":{"rendered":"<p><strong>Odlar.media<\/strong> x\u0259b\u0259r verir ki, La\u00e7\u0131n rayonunun A\u011fbulaq k\u0259ndind\u0259 do\u011fma yurdun azadl\u0131\u011f\u0131 u\u011frunda canlar\u0131ndan ke\u00e7\u0259n k\u0259nd sakinl\u0259rinin xatir\u0259sini \u0259b\u0259dil\u0259\u015fdirm\u0259k m\u0259qs\u0259dil\u0259 \u201cXatir\u0259 bula\u011f\u0131\u201d istifad\u0259y\u0259 verilib.<br \/>\nA\u00e7\u0131l\u0131\u015f m\u0259rasimind\u0259 k\u0259nd sakinl\u0259ri, \u015f\u0259hid ail\u0259l\u0259ri, m\u00fcharib\u0259 i\u015ftirak\u00e7\u0131lar\u0131 v\u0259 ziyal\u0131lar i\u015ftirak edibl\u0259r. Bildirilib ki, \u201cXatir\u0259 bula\u011f\u0131\u201d A\u011fbulaq sakinl\u0259rinin \u015f\u0259xsi t\u0259\u015f\u0259bb\u00fcs\u00fc v\u0259 d\u0259st\u0259yi il\u0259 \u0259rs\u0259y\u0259 g\u0259tirilib.<br \/>\nT\u0259dbird\u0259 \u00e7\u0131x\u0131\u015f ed\u0259nl\u0259r B\u00f6y\u00fck Qay\u0131d\u0131\u015f \u00e7\u0259r\u00e7iv\u0259sind\u0259 do\u011fma torpaqlara qay\u0131d\u0131\u015f\u0131n yaratd\u0131\u011f\u0131 b\u00f6y\u00fck sevincd\u0259n s\u00f6z a\u00e7\u0131blar. Qeyd olunub ki, azad edilmi\u015f \u0259razil\u0259rd\u0259 bu g\u00fcn q\u00fcrurla ya\u015famaq V\u0259t\u0259n u\u011frunda can\u0131ndan ke\u00e7\u0259n q\u0259hr\u0259man \u015f\u0259hidl\u0259rin f\u0259dakarl\u0131\u011f\u0131 say\u0259sind\u0259 m\u00fcmk\u00fcn olub.<br \/>\n\u00c7\u0131x\u0131\u015flarda \u015f\u0259hidl\u0259rin \u0259ziz xatir\u0259si ehtiramla yad edilib, onlara Allahdan r\u0259hm\u0259t, qazil\u0259r\u0259 is\u0259 m\u00f6hk\u0259m cansa\u011fl\u0131\u011f\u0131 arzulan\u0131b. H\u0259m\u00e7inin \u0259razi b\u00fct\u00f6vl\u00fcy\u00fcn\u00fcn v\u0259 suverenliyin tam b\u0259rpa olunmas\u0131nda g\u00f6st\u0259rdiyi xidm\u0259tl\u0259r\u0259 g\u00f6r\u0259 Prezident, M\u00fcz\u0259ff\u0259r Ali Ba\u015f Komandan \u0130lham \u018fliyev\u0259 v\u0259 Az\u0259rbaycan Ordusuna minn\u0259tdarl\u0131q ifad\u0259 olunub.<br \/>\nM\u0259lumata g\u00f6r\u0259, xatir\u0259 l\u00f6vh\u0259sind\u0259 fotolar\u0131 \u0259ks olunan \u015f\u0259xsl\u0259r 1992-ci ild\u0259 La\u00e7\u0131n\u0131n i\u015f\u011fal\u0131 zaman\u0131 itkin d\u00fc\u015f\u0259n v\u0259 taleyi bu g\u00fcn\u0259d\u0259k m\u0259lum olmayan A\u011fbulaq k\u0259nd sakinl\u0259ridir.<br \/>\nM\u0259rasimin sonunda \u015f\u0259hidl\u0259rin ruhuna dualar oxunub v\u0259 ehsan s\u00fcfr\u0259si a\u00e7\u0131l\u0131b.<br \/>\nOdlar.media<\/p>\n","protected":false},"excerpt":{"rendered":"<p>Odlar.media x\u0259b\u0259r verir ki, La\u00e7\u0131n rayonunun A\u011fbulaq k\u0259ndind\u0259 do\u011fma yurdun azadl\u0131\u011f\u0131 u\u011frunda canlar\u0131ndan ke\u00e7\u0259n k\u0259nd sakinl\u0259rinin xatir\u0259sini \u0259b\u0259dil\u0259\u015fdirm\u0259k m\u0259qs\u0259dil\u0259 \u201cXatir\u0259 bula\u011f\u0131\u201d istifad\u0259y\u0259 verilib. A\u00e7\u0131l\u0131\u015f m\u0259rasimind\u0259 k\u0259nd sakinl\u0259ri, \u015f\u0259hid ail\u0259l\u0259ri, m\u00fcharib\u0259&hellip; <\/p>\n","protected":false},"author":537,"featured_media":84640,"comment_status":"closed","ping_status":"closed","sticky":false,"template":"","format":"standard","meta":{"footnotes":""},"categories":[75],"tags":[],"class_list":["post-84639","post","type-post","status-publish","format-standard","has-post-thumbnail","hentry","category-xbrlr"],"_links":{"self":[{"href":"https:\/\/odlar.media\/index.php?rest_route=\/wp\/v2\/posts\/84639","targetHints":{"allow":["GET"]}}],"collection":[{"href":"https:\/\/odlar.media\/index.php?rest_route=\/wp\/v2\/posts"}],"about":[{"href":"https:\/\/odlar.media\/index.php?rest_route=\/wp\/v2\/types\/post"}],"author":[{"embeddable":true,"href":"https:\/\/odlar.media\/index.php?rest_route=\/wp\/v2\/users\/537"}],"replies":[{"embeddable":true,"href":"https:\/\/odlar.media\/index.php?rest_route=%2Fwp%2Fv2%2Fcomments&post=84639"}],"version-history":[{"count":2,"href":"https:\/\/odlar.media\/index.php?rest_route=\/wp\/v2\/posts\/84639\/revisions"}],"predecessor-version":[{"id":84642,"href":"https:\/\/odlar.media\/index.php?rest_route=\/wp\/v2\/posts\/84639\/revisions\/84642"}],"wp:featuredmedia":[{"embeddable":true,"href":"https:\/\/odlar.media\/index.php?rest_route=\/wp\/v2\/media\/84640"}],"wp:attachment":[{"href":"https:\/\/odlar.media\/index.php?rest_route=%2Fwp%2Fv2%2Fmedia&parent=84639"}],"wp:term":[{"taxonomy":"category","embeddable":true,"href":"https:\/\/odlar.media\/index.php?rest_route=%2Fwp%2Fv2%2Fcategories&post=84639"},{"taxonomy":"post_tag","embeddable":true,"href":"https:\/\/odlar.media\/index.php?rest_route=%2Fwp%2Fv2%2Ftags&post=84639"}],"curies":[{"name":"wp","href":"https:\/\/api.w.org\/{rel}","templated":true}]}}