{"id":84638,"date":"2026-08-31T16:08:05","date_gmt":"2026-08-31T12:08:05","guid":{"rendered":"https:\/\/odlar.media\/?p=84638"},"modified":"2026-08-31T16:08:05","modified_gmt":"2026-08-31T12:08:05","slug":"erdogan-qirgizistana-isguzar-s%c9%99f%c9%99r%c9%99-gedib","status":"publish","type":"post","link":"https:\/\/odlar.media\/?p=84638","title":{"rendered":"\u018frdo\u011fan Q\u0131r\u011f\u0131z\u0131stana i\u015fg\u00fczar s\u0259f\u0259r\u0259 gedib"},"content":{"rendered":"<p><strong>Odlar.media<\/strong> x\u0259b\u0259r verir ki, T\u00fcrkiy\u0259 Prezidenti R\u0259c\u0259b Tayyib \u018frdo\u011fan Q\u0131r\u011f\u0131z\u0131stan\u0131n paytaxt\u0131 Bi\u015fkek\u0259 i\u015fg\u00fczar s\u0259f\u0259r edib.<br \/>\nT\u00fcrkiy\u0259 liderinin s\u0259f\u0259r \u00e7\u0259r\u00e7iv\u0259sind\u0259 Bi\u015fkekd\u0259 ke\u00e7iril\u0259c\u0259k \u015eanxay \u018fm\u0259kda\u015fl\u0131q T\u0259\u015fkilat\u0131n\u0131n (\u015e\u018fT) \u201c\u015e\u018fT+\u201d format\u0131nda sammitind\u0259 i\u015ftirak ed\u0259c\u0259yi bildirilir.<br \/>\nS\u0259f\u0259r zaman\u0131 regional v\u0259 beyn\u0259lxalq m\u0259s\u0259l\u0259l\u0259rin m\u00fczakir\u0259si, h\u0259m\u00e7inin \u00f6lk\u0259l\u0259r aras\u0131nda \u0259m\u0259kda\u015fl\u0131\u011f\u0131n inki\u015faf perspektivl\u0259rinin g\u00fcnd\u0259m\u0259 g\u0259tiril\u0259c\u0259yi g\u00f6zl\u0259nilir.<\/p>\n<p><strong>Odlar.media<\/strong><\/p>\n","protected":false},"excerpt":{"rendered":"<p>Odlar.media x\u0259b\u0259r verir ki, T\u00fcrkiy\u0259 Prezidenti R\u0259c\u0259b Tayyib \u018frdo\u011fan Q\u0131r\u011f\u0131z\u0131stan\u0131n paytaxt\u0131 Bi\u015fkek\u0259 i\u015fg\u00fczar s\u0259f\u0259r edib. T\u00fcrkiy\u0259 liderinin s\u0259f\u0259r \u00e7\u0259r\u00e7iv\u0259sind\u0259 Bi\u015fkekd\u0259 ke\u00e7iril\u0259c\u0259k \u015eanxay \u018fm\u0259kda\u015fl\u0131q T\u0259\u015fkilat\u0131n\u0131n (\u015e\u018fT) \u201c\u015e\u018fT+\u201d format\u0131nda sammitind\u0259 i\u015ftirak ed\u0259c\u0259yi&hellip; <\/p>\n","protected":false},"author":537,"featured_media":84643,"comment_status":"closed","ping_status":"closed","sticky":false,"template":"","format":"standard","meta":{"footnotes":""},"categories":[75],"tags":[],"class_list":["post-84638","post","type-post","status-publish","format-standard","has-post-thumbnail","hentry","category-xbrlr"],"_links":{"self":[{"href":"https:\/\/odlar.media\/index.php?rest_route=\/wp\/v2\/posts\/84638","targetHints":{"allow":["GET"]}}],"collection":[{"href":"https:\/\/odlar.media\/index.php?rest_route=\/wp\/v2\/posts"}],"about":[{"href":"https:\/\/odlar.media\/index.php?rest_route=\/wp\/v2\/types\/post"}],"author":[{"embeddable":true,"href":"https:\/\/odlar.media\/index.php?rest_route=\/wp\/v2\/users\/537"}],"replies":[{"embeddable":true,"href":"https:\/\/odlar.media\/index.php?rest_route=%2Fwp%2Fv2%2Fcomments&post=84638"}],"version-history":[{"count":2,"href":"https:\/\/odlar.media\/index.php?rest_route=\/wp\/v2\/posts\/84638\/revisions"}],"predecessor-version":[{"id":84645,"href":"https:\/\/odlar.media\/index.php?rest_route=\/wp\/v2\/posts\/84638\/revisions\/84645"}],"wp:featuredmedia":[{"embeddable":true,"href":"https:\/\/odlar.media\/index.php?rest_route=\/wp\/v2\/media\/84643"}],"wp:attachment":[{"href":"https:\/\/odlar.media\/index.php?rest_route=%2Fwp%2Fv2%2Fmedia&parent=84638"}],"wp:term":[{"taxonomy":"category","embeddable":true,"href":"https:\/\/odlar.media\/index.php?rest_route=%2Fwp%2Fv2%2Fcategories&post=84638"},{"taxonomy":"post_tag","embeddable":true,"href":"https:\/\/odlar.media\/index.php?rest_route=%2Fwp%2Fv2%2Ftags&post=84638"}],"curies":[{"name":"wp","href":"https:\/\/api.w.org\/{rel}","templated":true}]}}