{"id":84634,"date":"2026-08-31T15:27:12","date_gmt":"2026-08-31T11:27:12","guid":{"rendered":"https:\/\/odlar.media\/?p=84634"},"modified":"2026-08-31T15:27:12","modified_gmt":"2026-08-31T11:27:12","slug":"ilham-eliyev-qasim-jomart-tokayevl%c9%99-gorusub","status":"publish","type":"post","link":"https:\/\/odlar.media\/?p=84634","title":{"rendered":"\u0130lham \u018fliyev Qas\u0131m-Jomart Tokayevl\u0259 g\u00f6r\u00fc\u015f\u00fcb"},"content":{"rendered":"<p><span style=\"color: #ff0000;\"><strong>Odlar.media<\/strong><\/span> x\u0259b\u0259r verir ki, Q\u0131r\u011f\u0131z\u0131stan\u0131n paytaxt\u0131 Bi\u015fkek \u015f\u0259h\u0259rind\u0259 Az\u0259rbaycan Respublikas\u0131n\u0131n Prezidenti \u0130lham \u018fliyev il\u0259 Qazax\u0131stan Respublikas\u0131n\u0131n Prezidenti Qas\u0131m-Jomart Tokayev aras\u0131nda g\u00f6r\u00fc\u015f ke\u00e7irilib.<br \/>\nG\u00f6r\u00fc\u015fd\u0259 Az\u0259rbaycan-Qazax\u0131stan m\u00fcnasib\u0259tl\u0259rinin m\u00fcxt\u0259lif istiqam\u0259tl\u0259ri, ikit\u0259r\u0259fli \u0259m\u0259kda\u015fl\u0131\u011f\u0131n inki\u015faf perspektivl\u0259ri v\u0259 qar\u015f\u0131l\u0131ql\u0131 maraq do\u011furan m\u0259s\u0259l\u0259l\u0259rin m\u00fczakir\u0259 olundu\u011fu bildirilib.<br \/>\nPrezidentl\u0259rin g\u00f6r\u00fc\u015f\u00fc ba\u015fa \u00e7at\u0131b.<br \/>\nM\u0259lumat\u0131 Az\u0259rbaycan Respublikas\u0131 Prezidentinin M\u0259tbuat Xidm\u0259ti yay\u0131b.<\/p>\n<p><span style=\"color: #ff0000;\"><strong>Odlar.media<\/strong><\/span><\/p>\n","protected":false},"excerpt":{"rendered":"<p>Odlar.media x\u0259b\u0259r verir ki, Q\u0131r\u011f\u0131z\u0131stan\u0131n paytaxt\u0131 Bi\u015fkek \u015f\u0259h\u0259rind\u0259 Az\u0259rbaycan Respublikas\u0131n\u0131n Prezidenti \u0130lham \u018fliyev il\u0259 Qazax\u0131stan Respublikas\u0131n\u0131n Prezidenti Qas\u0131m-Jomart Tokayev aras\u0131nda g\u00f6r\u00fc\u015f ke\u00e7irilib. G\u00f6r\u00fc\u015fd\u0259 Az\u0259rbaycan-Qazax\u0131stan m\u00fcnasib\u0259tl\u0259rinin m\u00fcxt\u0259lif istiqam\u0259tl\u0259ri, ikit\u0259r\u0259fli \u0259m\u0259kda\u015fl\u0131\u011f\u0131n inki\u015faf&hellip; <\/p>\n","protected":false},"author":537,"featured_media":84635,"comment_status":"closed","ping_status":"closed","sticky":false,"template":"","format":"standard","meta":{"footnotes":""},"categories":[50,1],"tags":[],"class_list":["post-84634","post","type-post","status-publish","format-standard","has-post-thumbnail","hentry","category-gundm","category-manset"],"_links":{"self":[{"href":"https:\/\/odlar.media\/index.php?rest_route=\/wp\/v2\/posts\/84634","targetHints":{"allow":["GET"]}}],"collection":[{"href":"https:\/\/odlar.media\/index.php?rest_route=\/wp\/v2\/posts"}],"about":[{"href":"https:\/\/odlar.media\/index.php?rest_route=\/wp\/v2\/types\/post"}],"author":[{"embeddable":true,"href":"https:\/\/odlar.media\/index.php?rest_route=\/wp\/v2\/users\/537"}],"replies":[{"embeddable":true,"href":"https:\/\/odlar.media\/index.php?rest_route=%2Fwp%2Fv2%2Fcomments&post=84634"}],"version-history":[{"count":2,"href":"https:\/\/odlar.media\/index.php?rest_route=\/wp\/v2\/posts\/84634\/revisions"}],"predecessor-version":[{"id":84637,"href":"https:\/\/odlar.media\/index.php?rest_route=\/wp\/v2\/posts\/84634\/revisions\/84637"}],"wp:featuredmedia":[{"embeddable":true,"href":"https:\/\/odlar.media\/index.php?rest_route=\/wp\/v2\/media\/84635"}],"wp:attachment":[{"href":"https:\/\/odlar.media\/index.php?rest_route=%2Fwp%2Fv2%2Fmedia&parent=84634"}],"wp:term":[{"taxonomy":"category","embeddable":true,"href":"https:\/\/odlar.media\/index.php?rest_route=%2Fwp%2Fv2%2Fcategories&post=84634"},{"taxonomy":"post_tag","embeddable":true,"href":"https:\/\/odlar.media\/index.php?rest_route=%2Fwp%2Fv2%2Ftags&post=84634"}],"curies":[{"name":"wp","href":"https:\/\/api.w.org\/{rel}","templated":true}]}}