{"id":84620,"date":"2026-08-31T12:20:23","date_gmt":"2026-08-31T08:20:23","guid":{"rendered":"https:\/\/odlar.media\/?p=84620"},"modified":"2026-08-31T12:20:23","modified_gmt":"2026-08-31T08:20:23","slug":"2027-ci-ild%c9%99-pensiyalar-n%c9%99-q%c9%99d%c9%99r-arta-bil%c9%99r-14-faizlik-ssenari-gund%c9%99md%c9%99","status":"publish","type":"post","link":"https:\/\/odlar.media\/?p=84620","title":{"rendered":"2027-ci ild\u0259 pensiyalar n\u0259 q\u0259d\u0259r arta bil\u0259r? \u2013 14 faizlik ssenari g\u00fcnd\u0259md\u0259"},"content":{"rendered":"<p><strong>Odlar.media<\/strong> x\u0259b\u0259r verir ki, 2027-ci ilin \u0259vv\u0259lind\u0259 pensiyalar\u0131n indeksl\u0259\u015fdirilm\u0259si il\u0259 ba\u011fl\u0131 g\u00f6zl\u0259ntil\u0259r art\u0131q g\u00fcnd\u0259md\u0259dir. Haz\u0131rk\u0131 iqtisadi g\u00f6st\u0259ricil\u0259r pensiyalarda n\u00f6vb\u0259ti art\u0131m\u0131n m\u00fcmk\u00fcnl\u00fcy\u00fcn\u00fc g\u00f6st\u0259rs\u0259 d\u0259, yekun faiz h\u0259l\u0259lik m\u00fc\u0259yy\u0259n edilm\u0259yib.<br \/>\n2026-c\u0131 ild\u0259 pensiyalar 9,3 faiz indeksl\u0259\u015fdirilib. Bu art\u0131m\u0131n maliyy\u0259l\u0259\u015fdirilm\u0259si \u00fc\u00e7\u00fcn d\u00f6vl\u0259t b\u00fcdc\u0259sind\u0259n illik \u0259lav\u0259 640 milyon manat v\u0259sait ayr\u0131l\u0131b. Bu g\u00f6st\u0259rici d\u00f6vl\u0259tin pensiya art\u0131mlar\u0131n\u0131n maliyy\u0259l\u0259\u015fdirilm\u0259si \u00fc\u00e7\u00fcn \u0259h\u0259miyy\u0259tli resurs ay\u0131ra bildiyini g\u00f6st\u0259rir.<br \/>\nBu bax\u0131mdan 2027-ci ilin yanvar\u0131nda pensiyalar\u0131n indeksl\u0259\u015fdirilm\u0259si sosial siyas\u0259t bax\u0131m\u0131ndan m\u00fch\u00fcm m\u0259rh\u0259l\u0259 ola bil\u0259r. \u018fm\u0259khaqq\u0131 art\u0131m\u0131n\u0131n y\u00fcks\u0259k s\u0259viyy\u0259d\u0259 davam etm\u0259si hal\u0131nda pensiyalarda 10 faizd\u0259n yuxar\u0131 art\u0131m ehtimal\u0131 g\u00fcnd\u0259md\u0259 qala bil\u0259r. B\u0259zi ssenaril\u0259rd\u0259 14 faizlik indeksasiya da m\u00fcmk\u00fcn variant kimi n\u0259z\u0259rd\u0259n ke\u00e7irilir.<br \/>\nBununla yana\u015f\u0131, \u0259lav\u0259 sosial paket q\u0259bul edil\u0259c\u0259yi t\u0259qdird\u0259 pensiya\u00e7\u0131lar \u00fc\u00e7\u00fcn daha y\u00fcks\u0259k art\u0131m\u0131n t\u0259tbiqi d\u0259 m\u00fcmk\u00fcnd\u00fcr. Lakin haz\u0131rda konkret faiz bar\u0259d\u0259 r\u0259smi q\u0259rar yoxdur.<br \/>\nHaz\u0131rk\u0131 tendensiyalar \u0259sas\u0131nda dem\u0259k olar ki, 2027-ci ilin \u0259vv\u0259lind\u0259 pensiyalar\u0131n artaca\u011f\u0131 g\u00f6zl\u0259nilir. \u018fsas m\u0259s\u0259l\u0259 is\u0259 bu art\u0131m\u0131n hans\u0131 faiz t\u0259\u015fkil ed\u0259c\u0259yidir.<br \/>\nM\u00f6vcud iqtisadi g\u00f6st\u0259ricil\u0259r pensiyalarda 10 faizd\u0259n yuxar\u0131 art\u0131m ehtimal\u0131n\u0131 g\u00fcnd\u0259md\u0259 saxlay\u0131r.<br \/>\nOdlar.media<\/p>\n","protected":false},"excerpt":{"rendered":"<p>Odlar.media x\u0259b\u0259r verir ki, 2027-ci ilin \u0259vv\u0259lind\u0259 pensiyalar\u0131n indeksl\u0259\u015fdirilm\u0259si il\u0259 ba\u011fl\u0131 g\u00f6zl\u0259ntil\u0259r art\u0131q g\u00fcnd\u0259md\u0259dir. Haz\u0131rk\u0131 iqtisadi g\u00f6st\u0259ricil\u0259r pensiyalarda n\u00f6vb\u0259ti art\u0131m\u0131n m\u00fcmk\u00fcnl\u00fcy\u00fcn\u00fc g\u00f6st\u0259rs\u0259 d\u0259, yekun faiz h\u0259l\u0259lik m\u00fc\u0259yy\u0259n edilm\u0259yib. 2026-c\u0131 ild\u0259&hellip; <\/p>\n","protected":false},"author":537,"featured_media":84621,"comment_status":"closed","ping_status":"closed","sticky":false,"template":"","format":"standard","meta":{"footnotes":""},"categories":[77],"tags":[],"class_list":["post-84620","post","type-post","status-publish","format-standard","has-post-thumbnail","hentry","category-maliyy"],"_links":{"self":[{"href":"https:\/\/odlar.media\/index.php?rest_route=\/wp\/v2\/posts\/84620","targetHints":{"allow":["GET"]}}],"collection":[{"href":"https:\/\/odlar.media\/index.php?rest_route=\/wp\/v2\/posts"}],"about":[{"href":"https:\/\/odlar.media\/index.php?rest_route=\/wp\/v2\/types\/post"}],"author":[{"embeddable":true,"href":"https:\/\/odlar.media\/index.php?rest_route=\/wp\/v2\/users\/537"}],"replies":[{"embeddable":true,"href":"https:\/\/odlar.media\/index.php?rest_route=%2Fwp%2Fv2%2Fcomments&post=84620"}],"version-history":[{"count":2,"href":"https:\/\/odlar.media\/index.php?rest_route=\/wp\/v2\/posts\/84620\/revisions"}],"predecessor-version":[{"id":84623,"href":"https:\/\/odlar.media\/index.php?rest_route=\/wp\/v2\/posts\/84620\/revisions\/84623"}],"wp:featuredmedia":[{"embeddable":true,"href":"https:\/\/odlar.media\/index.php?rest_route=\/wp\/v2\/media\/84621"}],"wp:attachment":[{"href":"https:\/\/odlar.media\/index.php?rest_route=%2Fwp%2Fv2%2Fmedia&parent=84620"}],"wp:term":[{"taxonomy":"category","embeddable":true,"href":"https:\/\/odlar.media\/index.php?rest_route=%2Fwp%2Fv2%2Fcategories&post=84620"},{"taxonomy":"post_tag","embeddable":true,"href":"https:\/\/odlar.media\/index.php?rest_route=%2Fwp%2Fv2%2Ftags&post=84620"}],"curies":[{"name":"wp","href":"https:\/\/api.w.org\/{rel}","templated":true}]}}