{"id":84616,"date":"2026-08-31T12:16:40","date_gmt":"2026-08-31T08:16:40","guid":{"rendered":"https:\/\/odlar.media\/?p=84616"},"modified":"2026-08-31T12:16:40","modified_gmt":"2026-08-31T08:16:40","slug":"qalapaqosdan-32-d%c9%99niz-iquanasini-qacaqmalciliqla-cixarmaga-c%c9%99hd-edildi","status":"publish","type":"post","link":"https:\/\/odlar.media\/?p=84616","title":{"rendered":"Qalapaqosdan 32 d\u0259niz iquanas\u0131n\u0131 qa\u00e7aqmal\u00e7\u0131l\u0131qla \u00e7\u0131xarma\u011fa c\u0259hd edildi"},"content":{"rendered":"<p><strong>Odlar.media<\/strong> x\u0259b\u0259r verir ki, Ekvadorda g\u00f6mr\u00fck \u0259m\u0259kda\u015flar\u0131 32 d\u0259niz iquanas\u0131n\u0131n qanunsuz yolla \u00f6lk\u0259d\u0259n \u00e7\u0131xar\u0131lmas\u0131n\u0131n qar\u015f\u0131s\u0131n\u0131 al\u0131blar.<br \/>\nHadis\u0259 Ekvadorun paytaxt\u0131 Kitodak\u0131 hava liman\u0131nda ba\u015f verib. Y\u00fckl\u0259rin yoxlan\u0131lmas\u0131 zaman\u0131 ad\u0131 a\u00e7\u0131qlanmayan Rusiya v\u0259t\u0259nda\u015f\u0131n\u0131n baqaj\u0131ndan Qalapaqos adalar\u0131na m\u0259xsus 32 d\u0259niz iquanas\u0131 a\u015fkarlan\u0131b.<br \/>\nH\u0259min \u015f\u0259xs v\u0259h\u015fi heyvanlar\u0131n qanunsuz ticar\u0259tind\u0259 ittiham olunaraq saxlan\u0131l\u0131b. \u0130quanalar\u0131n nec\u0259 \u0259ld\u0259 edildiyi v\u0259 hans\u0131 \u00f6lk\u0259y\u0259 apar\u0131lmas\u0131n\u0131n planla\u015fd\u0131r\u0131ld\u0131\u011f\u0131 bar\u0259d\u0259 m\u0259lumat a\u00e7\u0131qlanmay\u0131b.<br \/>\nD\u0259niz iquanas\u0131 okeanda \u00fcz\u0259 bil\u0259n v\u0259 suyun alt\u0131nda qidalanan yegan\u0259 k\u0259rt\u0259nk\u0259l\u0259 n\u00f6v\u00fc hesab olunur. Bu nadir heyvanlara yaln\u0131z Ekvadora m\u0259xsus Qalapaqos adalar\u0131nda rast g\u0259linir.<br \/>\nM\u0259lumata g\u00f6r\u0259, d\u0259niz iquanas\u0131n\u0131n qara bazardak\u0131 qiym\u0259ti 20-25 min AB\u015e dollar\u0131 aras\u0131nda d\u0259yi\u015fir.<\/p>\n<p><strong>Odlar.media<\/strong><\/p>\n","protected":false},"excerpt":{"rendered":"<p>Odlar.media x\u0259b\u0259r verir ki, Ekvadorda g\u00f6mr\u00fck \u0259m\u0259kda\u015flar\u0131 32 d\u0259niz iquanas\u0131n\u0131n qanunsuz yolla \u00f6lk\u0259d\u0259n \u00e7\u0131xar\u0131lmas\u0131n\u0131n qar\u015f\u0131s\u0131n\u0131 al\u0131blar. Hadis\u0259 Ekvadorun paytaxt\u0131 Kitodak\u0131 hava liman\u0131nda ba\u015f verib. Y\u00fckl\u0259rin yoxlan\u0131lmas\u0131 zaman\u0131 ad\u0131 a\u00e7\u0131qlanmayan Rusiya&hellip; <\/p>\n","protected":false},"author":537,"featured_media":84617,"comment_status":"closed","ping_status":"closed","sticky":false,"template":"","format":"standard","meta":{"footnotes":""},"categories":[55],"tags":[],"class_list":["post-84616","post","type-post","status-publish","format-standard","has-post-thumbnail","hentry","category-dunya"],"_links":{"self":[{"href":"https:\/\/odlar.media\/index.php?rest_route=\/wp\/v2\/posts\/84616","targetHints":{"allow":["GET"]}}],"collection":[{"href":"https:\/\/odlar.media\/index.php?rest_route=\/wp\/v2\/posts"}],"about":[{"href":"https:\/\/odlar.media\/index.php?rest_route=\/wp\/v2\/types\/post"}],"author":[{"embeddable":true,"href":"https:\/\/odlar.media\/index.php?rest_route=\/wp\/v2\/users\/537"}],"replies":[{"embeddable":true,"href":"https:\/\/odlar.media\/index.php?rest_route=%2Fwp%2Fv2%2Fcomments&post=84616"}],"version-history":[{"count":2,"href":"https:\/\/odlar.media\/index.php?rest_route=\/wp\/v2\/posts\/84616\/revisions"}],"predecessor-version":[{"id":84619,"href":"https:\/\/odlar.media\/index.php?rest_route=\/wp\/v2\/posts\/84616\/revisions\/84619"}],"wp:featuredmedia":[{"embeddable":true,"href":"https:\/\/odlar.media\/index.php?rest_route=\/wp\/v2\/media\/84617"}],"wp:attachment":[{"href":"https:\/\/odlar.media\/index.php?rest_route=%2Fwp%2Fv2%2Fmedia&parent=84616"}],"wp:term":[{"taxonomy":"category","embeddable":true,"href":"https:\/\/odlar.media\/index.php?rest_route=%2Fwp%2Fv2%2Fcategories&post=84616"},{"taxonomy":"post_tag","embeddable":true,"href":"https:\/\/odlar.media\/index.php?rest_route=%2Fwp%2Fv2%2Ftags&post=84616"}],"curies":[{"name":"wp","href":"https:\/\/api.w.org\/{rel}","templated":true}]}}