{"id":84612,"date":"2026-08-31T12:11:28","date_gmt":"2026-08-31T08:11:28","guid":{"rendered":"https:\/\/odlar.media\/?p=84612"},"modified":"2026-08-31T12:11:28","modified_gmt":"2026-08-31T08:11:28","slug":"sabiq-balak%c9%99n-icra-bascisinin-h%c9%99bs-mudd%c9%99ti-uzadildi","status":"publish","type":"post","link":"https:\/\/odlar.media\/?p=84612","title":{"rendered":"Sabiq Balak\u0259n icra ba\u015f\u00e7\u0131s\u0131n\u0131n h\u0259bs m\u00fcdd\u0259ti uzad\u0131ld\u0131"},"content":{"rendered":"<p><strong>Odlar.media<\/strong> x\u0259b\u0259r verir ki, D\u00f6vl\u0259t T\u0259hl\u00fck\u0259sizliyi Xidm\u0259tinin (DTX) Balak\u0259n Rayon \u0130cra Hakimiyy\u0259tind\u0259 ke\u00e7irdiyi \u0259m\u0259liyyat zaman\u0131 saxlan\u0131lan sabiq icra ba\u015f\u00e7\u0131s\u0131 \u0130slam Rzayev bar\u0259sind\u0259 se\u00e7ilmi\u015f h\u0259bs q\u0259timkan t\u0259dbirinin m\u00fcdd\u0259ti uzad\u0131l\u0131b.<br \/>\nS\u0259bail Rayon M\u0259hk\u0259m\u0259sind\u0259 istintaq orqan\u0131n\u0131n t\u0259qdimat\u0131na bax\u0131l\u0131b. M\u0259hk\u0259m\u0259nin q\u0259rar\u0131 il\u0259 \u0130slam Rzayev bar\u0259sind\u0259 h\u0259bs q\u0259timkan t\u0259dbiri daha 3 ay m\u00fcdd\u0259tin\u0259 uzad\u0131l\u0131b.<br \/>\nQeyd ed\u0259k ki, \u0130slam Rzayev \u00f6t\u0259n ilin oktyabr ay\u0131nda h\u0259bs edilib. Ona Az\u0259rbaycan Respublikas\u0131 Cinay\u0259t M\u0259c\u0259ll\u0259sinin 179.3.2-ci (k\u00fclli miqdarda m\u0259nims\u0259m\u0259) v\u0259 311.3.2-ci (t\u0259krar r\u00fc\u015fv\u0259t alma) madd\u0259l\u0259ri il\u0259 ittiham ir\u0259li s\u00fcr\u00fcl\u00fcb.<br \/>\n\u0130slam Rzayev oktyabr\u0131n 30-da Balak\u0259n Rayon \u0130cra Hakimiyy\u0259tinin ba\u015f\u00e7\u0131s\u0131 v\u0259zif\u0259sind\u0259n azad edilib.<br \/>\nOdlar.media<\/p>\n","protected":false},"excerpt":{"rendered":"<p>Odlar.media x\u0259b\u0259r verir ki, D\u00f6vl\u0259t T\u0259hl\u00fck\u0259sizliyi Xidm\u0259tinin (DTX) Balak\u0259n Rayon \u0130cra Hakimiyy\u0259tind\u0259 ke\u00e7irdiyi \u0259m\u0259liyyat zaman\u0131 saxlan\u0131lan sabiq icra ba\u015f\u00e7\u0131s\u0131 \u0130slam Rzayev bar\u0259sind\u0259 se\u00e7ilmi\u015f h\u0259bs q\u0259timkan t\u0259dbirinin m\u00fcdd\u0259ti uzad\u0131l\u0131b. S\u0259bail Rayon&hellip; <\/p>\n","protected":false},"author":537,"featured_media":84613,"comment_status":"closed","ping_status":"closed","sticky":false,"template":"","format":"standard","meta":{"footnotes":""},"categories":[75],"tags":[],"class_list":["post-84612","post","type-post","status-publish","format-standard","has-post-thumbnail","hentry","category-xbrlr"],"_links":{"self":[{"href":"https:\/\/odlar.media\/index.php?rest_route=\/wp\/v2\/posts\/84612","targetHints":{"allow":["GET"]}}],"collection":[{"href":"https:\/\/odlar.media\/index.php?rest_route=\/wp\/v2\/posts"}],"about":[{"href":"https:\/\/odlar.media\/index.php?rest_route=\/wp\/v2\/types\/post"}],"author":[{"embeddable":true,"href":"https:\/\/odlar.media\/index.php?rest_route=\/wp\/v2\/users\/537"}],"replies":[{"embeddable":true,"href":"https:\/\/odlar.media\/index.php?rest_route=%2Fwp%2Fv2%2Fcomments&post=84612"}],"version-history":[{"count":2,"href":"https:\/\/odlar.media\/index.php?rest_route=\/wp\/v2\/posts\/84612\/revisions"}],"predecessor-version":[{"id":84615,"href":"https:\/\/odlar.media\/index.php?rest_route=\/wp\/v2\/posts\/84612\/revisions\/84615"}],"wp:featuredmedia":[{"embeddable":true,"href":"https:\/\/odlar.media\/index.php?rest_route=\/wp\/v2\/media\/84613"}],"wp:attachment":[{"href":"https:\/\/odlar.media\/index.php?rest_route=%2Fwp%2Fv2%2Fmedia&parent=84612"}],"wp:term":[{"taxonomy":"category","embeddable":true,"href":"https:\/\/odlar.media\/index.php?rest_route=%2Fwp%2Fv2%2Fcategories&post=84612"},{"taxonomy":"post_tag","embeddable":true,"href":"https:\/\/odlar.media\/index.php?rest_route=%2Fwp%2Fv2%2Ftags&post=84612"}],"curies":[{"name":"wp","href":"https:\/\/api.w.org\/{rel}","templated":true}]}}