{"id":84607,"date":"2026-08-31T12:04:54","date_gmt":"2026-08-31T08:04:54","guid":{"rendered":"https:\/\/odlar.media\/?p=84607"},"modified":"2026-08-31T12:04:54","modified_gmt":"2026-08-31T08:04:54","slug":"ilham-eliyev-set-t%c9%99dbirl%c9%99rind%c9%99-istirak-ucun-qirgizistana-s%c9%99f%c9%99r-edib","status":"publish","type":"post","link":"https:\/\/odlar.media\/?p=84607","title":{"rendered":"\u0130lham \u018fliyev \u015e\u018fT t\u0259dbirl\u0259rind\u0259 i\u015ftirak \u00fc\u00e7\u00fcn Q\u0131r\u011f\u0131z\u0131stana s\u0259f\u0259r edib"},"content":{"rendered":"<p><span style=\"color: #ff0000;\"><strong>Odlar.media<\/strong><\/span> x\u0259b\u0259r verir ki, Az\u0259rbaycan Respublikas\u0131n\u0131n Prezidenti \u0130lham \u018fliyev \u015eanxay \u018fm\u0259kda\u015fl\u0131q T\u0259\u015fkilat\u0131n\u0131n (\u015e\u018fT) t\u0259dbirl\u0259rind\u0259 i\u015ftirak etm\u0259k m\u0259qs\u0259dil\u0259 avqustun 31-d\u0259 Q\u0131r\u011f\u0131z Respublikas\u0131na i\u015fg\u00fczar s\u0259f\u0259r\u0259 g\u0259lib.<br \/>\nPrezident \u0130lham \u018fliyev v\u0259 birinci xan\u0131m Mehriban \u018fliyeva Bi\u015fkek \u015f\u0259h\u0259rind\u0259ki \u201cManas\u201d Beyn\u0259lxalq Hava Liman\u0131nda qar\u015f\u0131lan\u0131blar.<br \/>\nD\u00f6vl\u0259t ba\u015f\u00e7\u0131s\u0131n\u0131n \u015f\u0259r\u0259fin\u0259 hava liman\u0131nda f\u0259xri qarovul d\u0259st\u0259si d\u00fcz\u00fcl\u00fcb.<br \/>\nPrezident \u0130lham \u018fliyevi v\u0259 birinci xan\u0131m Mehriban \u018fliyevan\u0131 Q\u0131r\u011f\u0131z\u0131stan Nazirl\u0259r Kabinetinin s\u0259dri \u2013 Prezident Administrasiyas\u0131n\u0131n r\u0259hb\u0259ri Ad\u0131lbek Kas\u0131maliyev qar\u015f\u0131lay\u0131b.<br \/>\nS\u0259f\u0259r \u00e7\u0259r\u00e7iv\u0259sind\u0259 Prezident \u0130lham \u018fliyevin \u015e\u018fT-in t\u0259dbirl\u0259rind\u0259 i\u015ftirak\u0131 v\u0259 bir s\u0131ra g\u00f6r\u00fc\u015fl\u0259r ke\u00e7irm\u0259si g\u00f6zl\u0259nilir.<\/p>\n<p><span style=\"color: #ff0000;\"><strong>Odlar.media<\/strong><\/span><\/p>\n","protected":false},"excerpt":{"rendered":"<p>Odlar.media x\u0259b\u0259r verir ki, Az\u0259rbaycan Respublikas\u0131n\u0131n Prezidenti \u0130lham \u018fliyev \u015eanxay \u018fm\u0259kda\u015fl\u0131q T\u0259\u015fkilat\u0131n\u0131n (\u015e\u018fT) t\u0259dbirl\u0259rind\u0259 i\u015ftirak etm\u0259k m\u0259qs\u0259dil\u0259 avqustun 31-d\u0259 Q\u0131r\u011f\u0131z Respublikas\u0131na i\u015fg\u00fczar s\u0259f\u0259r\u0259 g\u0259lib. Prezident \u0130lham \u018fliyev v\u0259 birinci xan\u0131m&hellip; <\/p>\n","protected":false},"author":537,"featured_media":84608,"comment_status":"closed","ping_status":"closed","sticky":false,"template":"","format":"standard","meta":{"footnotes":""},"categories":[1,148],"tags":[],"class_list":["post-84607","post","type-post","status-publish","format-standard","has-post-thumbnail","hentry","category-manset","category-rsmi-xbr"],"_links":{"self":[{"href":"https:\/\/odlar.media\/index.php?rest_route=\/wp\/v2\/posts\/84607","targetHints":{"allow":["GET"]}}],"collection":[{"href":"https:\/\/odlar.media\/index.php?rest_route=\/wp\/v2\/posts"}],"about":[{"href":"https:\/\/odlar.media\/index.php?rest_route=\/wp\/v2\/types\/post"}],"author":[{"embeddable":true,"href":"https:\/\/odlar.media\/index.php?rest_route=\/wp\/v2\/users\/537"}],"replies":[{"embeddable":true,"href":"https:\/\/odlar.media\/index.php?rest_route=%2Fwp%2Fv2%2Fcomments&post=84607"}],"version-history":[{"count":2,"href":"https:\/\/odlar.media\/index.php?rest_route=\/wp\/v2\/posts\/84607\/revisions"}],"predecessor-version":[{"id":84611,"href":"https:\/\/odlar.media\/index.php?rest_route=\/wp\/v2\/posts\/84607\/revisions\/84611"}],"wp:featuredmedia":[{"embeddable":true,"href":"https:\/\/odlar.media\/index.php?rest_route=\/wp\/v2\/media\/84608"}],"wp:attachment":[{"href":"https:\/\/odlar.media\/index.php?rest_route=%2Fwp%2Fv2%2Fmedia&parent=84607"}],"wp:term":[{"taxonomy":"category","embeddable":true,"href":"https:\/\/odlar.media\/index.php?rest_route=%2Fwp%2Fv2%2Fcategories&post=84607"},{"taxonomy":"post_tag","embeddable":true,"href":"https:\/\/odlar.media\/index.php?rest_route=%2Fwp%2Fv2%2Ftags&post=84607"}],"curies":[{"name":"wp","href":"https:\/\/api.w.org\/{rel}","templated":true}]}}